{"id":243359,"date":"2025-07-11T21:00:09","date_gmt":"2025-07-11T21:00:09","guid":{"rendered":"https:\/\/www.europesays.com\/fr\/243359\/"},"modified":"2025-07-11T21:00:09","modified_gmt":"2025-07-11T21:00:09","slug":"lancien-directeur-general-du-fc-lorient-fabrice-bocquet-va-prendre-la-presidence-de-logc-nice","status":"publish","type":"post","link":"https:\/\/www.europesays.com\/fr\/243359\/","title":{"rendered":"L\u2019ancien directeur g\u00e9n\u00e9ral du FC Lorient, Fabrice Bocquet, va prendre la pr\u00e9sidence de l\u2019OGC Nice"},"content":{"rendered":"<p>Il y a du mouvement \u00e0 la t\u00eate de l\u2019OGC Nice. Le pr\u00e9sident, Jean-Pierre Riv\u00e8re, a annonc\u00e9 jeudi qu\u2019il quitterait son poste le 20 ao\u00fbt prochain apr\u00e8s 14 ann\u00e9es \u00e0 la t\u00eate du club azur\u00e9en.<\/p>\n<p>Il sera remplac\u00e9 par l\u2019actuel directeur g\u00e9n\u00e9ral, Fabrice Bocquet. Ce dernier est l\u2019ancien directeur g\u00e9n\u00e9ral du FC Lorient, o\u00f9 il a offici\u00e9 de 2015 \u00e0 2020. \u00ab Il a d\u00e9montr\u00e9 sa capacit\u00e9 \u00e0 piloter le club avec rigueur, vision et leadership \u00bb, a indiqu\u00e9 \u00e0 son sujet Jim Ratcliffe, pr\u00e9sident d\u2019Ineos, dans un communiqu\u00e9.<\/p>\n<p>\u00ab Il a d\u00e9j\u00e0 su poser les bases d\u2019une organisation performante et tourn\u00e9e vers l\u2019avenir \u00bb, a ajout\u00e9 le milliardaire britannique.<\/p>\n","protected":false},"excerpt":{"rendered":"Il y a du mouvement \u00e0 la t\u00eate de l\u2019OGC Nice. Le pr\u00e9sident, Jean-Pierre Riv\u00e8re, a annonc\u00e9 jeudi&hellip;\n","protected":false},"author":2,"featured_media":243360,"comment_status":"","ping_status":"","sticky":false,"template":"","format":"standard","meta":{"footnotes":""},"categories":[2819],"tags":[1111,11,3166,1777,674,3317,63,1011,27,66,1781,12,2401,882,25,60],"class_list":{"0":"post-243359","1":"post","2":"type-post","3":"status-publish","4":"format-standard","5":"has-post-thumbnail","7":"category-nice","8":"tag-actu","9":"tag-actualites","10":"tag-en-continu-sports","11":"tag-eu","12":"tag-europe","13":"tag-fc-lorient","14":"tag-football","15":"tag-fr","16":"tag-france","17":"tag-ligue-1","18":"tag-lorient","19":"tag-news","20":"tag-nice","21":"tag-provence-alpes-cote-dazur","22":"tag-republique-francaise","23":"tag-sports"},"share_on_mastodon":{"url":"https:\/\/pubeurope.com\/@fr\/114836617520402474","error":""},"_links":{"self":[{"href":"https:\/\/www.europesays.com\/fr\/wp-json\/wp\/v2\/posts\/243359","targetHints":{"allow":["GET"]}}],"collection":[{"href":"https:\/\/www.europesays.com\/fr\/wp-json\/wp\/v2\/posts"}],"about":[{"href":"https:\/\/www.europesays.com\/fr\/wp-json\/wp\/v2\/types\/post"}],"author":[{"embeddable":true,"href":"https:\/\/www.europesays.com\/fr\/wp-json\/wp\/v2\/users\/2"}],"replies":[{"embeddable":true,"href":"https:\/\/www.europesays.com\/fr\/wp-json\/wp\/v2\/comments?post=243359"}],"version-history":[{"count":0,"href":"https:\/\/www.europesays.com\/fr\/wp-json\/wp\/v2\/posts\/243359\/revisions"}],"wp:featuredmedia":[{"embeddable":true,"href":"https:\/\/www.europesays.com\/fr\/wp-json\/wp\/v2\/media\/243360"}],"wp:attachment":[{"href":"https:\/\/www.europesays.com\/fr\/wp-json\/wp\/v2\/media?parent=243359"}],"wp:term":[{"taxonomy":"category","embeddable":true,"href":"https:\/\/www.europesays.com\/fr\/wp-json\/wp\/v2\/categories?post=243359"},{"taxonomy":"post_tag","embeddable":true,"href":"https:\/\/www.europesays.com\/fr\/wp-json\/wp\/v2\/tags?post=243359"}],"curies":[{"name":"wp","href":"https:\/\/api.w.org\/{rel}","templated":true}]}}