{"id":243369,"date":"2025-07-11T21:06:10","date_gmt":"2025-07-11T21:06:10","guid":{"rendered":"https:\/\/www.europesays.com\/fr\/243369\/"},"modified":"2025-07-11T21:06:10","modified_gmt":"2025-07-11T21:06:10","slug":"un-franco-algerien-originaire-de-toulouse-mis-en-examen-pour-un-projet-dattentat","status":"publish","type":"post","link":"https:\/\/www.europesays.com\/fr\/243369\/","title":{"rendered":"Un Franco-Alg\u00e9rien originaire de Toulouse mis en examen pour un projet d\u2019attentat"},"content":{"rendered":"<p>Un nouveau projet d\u2019<a href=\"https:\/\/www.20minutes.fr\/monde\/attentat\/\" target=\"_blank\" class=\"color-ultramarine c-link\" rel=\"nofollow noopener\">attentat<\/a> a \u00e9t\u00e9 d\u00e9jou\u00e9 en France. Un homme de 20 ans, franco-alg\u00e9rien, originaire de la r\u00e9gion toulousaine, a \u00e9t\u00e9 mis en examen et plac\u00e9 en d\u00e9tention provisoire vendredi \u00e0 Paris pour association de malfaiteurs terroriste criminelle. Il est soup\u00e7onn\u00e9 d\u2019avoir pr\u00e9par\u00e9 une attaque contre \u00ab\u00a0des <a href=\"https:\/\/www.20minutes.fr\/dossier\/juif\" target=\"_blank\" class=\"color-ultramarine c-link\" rel=\"nofollow noopener\">juifs<\/a> et des m\u00e9cr\u00e9ants\u00a0\u00bb, selon les informations de La D\u00e9p\u00eache du Midi, confirm\u00e9es \u00e0 l\u2019AFP par une source proche du dossier.<\/p>\n<p>L\u2019individu, affili\u00e9 \u00e0 la sph\u00e8re <a href=\"https:\/\/www.20minutes.fr\/dossier\/jihadistes\" target=\"_blank\" class=\"color-ultramarine c-link\" rel=\"nofollow noopener\">djihadiste<\/a>, faisait d\u00e9j\u00e0 l\u2019objet d\u2019une surveillance de la <a href=\"https:\/\/www.20minutes.fr\/societe\/dgsi\/\" target=\"_blank\" class=\"color-ultramarine c-link\" rel=\"nofollow noopener\">DGSI<\/a> depuis le confinement li\u00e9 au Covid-19, notamment en raison de sa consommation r\u00e9guli\u00e8re de contenus radicalis\u00e9s en ligne. Il \u00e9tait \u00e9galement <a href=\"https:\/\/www.20minutes.fr\/societe\/fiche\/\" target=\"_blank\" class=\"color-ultramarine c-link\" rel=\"nofollow noopener\">fich\u00e9 S<\/a>, indique le quotidien r\u00e9gional.<\/p>\n<\/p>\n<p>Des ant\u00e9c\u00e9dents psychiatriques<\/p>\n<p>Sa <a href=\"https:\/\/www.20minutes.fr\/dossier\/garde_a_vue\" target=\"_blank\" class=\"color-ultramarine c-link\" rel=\"nofollow noopener\">garde \u00e0 vue<\/a> s\u2019est d\u00e9roul\u00e9e dans le cadre d\u2019une information judiciaire antiterroriste en cours au p\u00f4le sp\u00e9cialis\u00e9 du <a href=\"https:\/\/www.20minutes.fr\/dossier\/tribunal\" target=\"_blank\" class=\"color-ultramarine c-link\" rel=\"nofollow noopener\">tribunal judiciaire de Paris<\/a>. L\u2019unit\u00e9 d\u2019enqu\u00eate a \u00e9t\u00e9 mise sur sa piste \u00e0 la suite de l\u2019interpellation, mi-juin, d\u2019une <a href=\"https:\/\/www.20minutes.fr\/dossier\/adolescent\" target=\"_blank\" class=\"color-ultramarine c-link\" rel=\"nofollow noopener\">adolescente<\/a> de 15 ans originaire du m\u00eame bassin g\u00e9ographique, \u00e9galement mise en examen dans le cadre de ce dossier.<\/p>\n<p><a href=\"https:\/\/www.20minutes.fr\/dossier\/terrorisme\" target=\"_blank\" class=\"c-link c-btn c-btn--primary\" rel=\"nofollow noopener\">Notre dossier sur le terrorisme<\/a><\/p>\n<p>La source judiciaire a confirm\u00e9 que l\u2019homme a \u00e9t\u00e9 poursuivi pour \u00ab\u00a0association de malfaiteurs terroriste en vue de la pr\u00e9paration d\u2019un ou plusieurs crimes d\u2019atteintes aux personnes\u00a0\u00bb. Il a \u00e9t\u00e9 incarc\u00e9r\u00e9 \u00e0 l\u2019issue de sa pr\u00e9sentation devant le juge d\u2019instruction. Selon La D\u00e9p\u00eache du Midi, les deux suspects pr\u00e9senteraient des ant\u00e9c\u00e9dents psychiatriques. Les avocats du jeune homme, cit\u00e9s dans l\u2019article du quotidien, n\u2019avaient pas encore r\u00e9agi vendredi soir.<\/p>\n","protected":false},"excerpt":{"rendered":"Un nouveau projet d\u2019attentat a \u00e9t\u00e9 d\u00e9jou\u00e9 en France. Un homme de 20 ans, franco-alg\u00e9rien, originaire de la&hellip;\n","protected":false},"author":2,"featured_media":243370,"comment_status":"","ping_status":"","sticky":false,"template":"","format":"standard","meta":{"footnotes":""},"categories":[2816],"tags":[1111,47,11,5581,33710,14630,1777,674,1011,27,7774,2722,662,303,2721,12,2680,626,21716,25,1254,2312],"class_list":{"0":"post-243369","1":"post","2":"type-post","3":"status-publish","4":"format-standard","5":"has-post-thumbnail","7":"category-toulouse","8":"tag-actu","9":"tag-actualite","10":"tag-actualites","11":"tag-attentat","12":"tag-dgsi","13":"tag-djihadisme","14":"tag-eu","15":"tag-europe","16":"tag-fr","17":"tag-france","18":"tag-garde-a-vue","19":"tag-haute-garonne","20":"tag-ile-de-france","21":"tag-justice","22":"tag-midi-pyrenees","23":"tag-news","24":"tag-occitanie","25":"tag-paris","26":"tag-radicalisation","27":"tag-republique-francaise","28":"tag-terrorisme","29":"tag-toulouse"},"share_on_mastodon":{"url":"https:\/\/pubeurope.com\/@fr\/114836641124616189","error":""},"_links":{"self":[{"href":"https:\/\/www.europesays.com\/fr\/wp-json\/wp\/v2\/posts\/243369","targetHints":{"allow":["GET"]}}],"collection":[{"href":"https:\/\/www.europesays.com\/fr\/wp-json\/wp\/v2\/posts"}],"about":[{"href":"https:\/\/www.europesays.com\/fr\/wp-json\/wp\/v2\/types\/post"}],"author":[{"embeddable":true,"href":"https:\/\/www.europesays.com\/fr\/wp-json\/wp\/v2\/users\/2"}],"replies":[{"embeddable":true,"href":"https:\/\/www.europesays.com\/fr\/wp-json\/wp\/v2\/comments?post=243369"}],"version-history":[{"count":0,"href":"https:\/\/www.europesays.com\/fr\/wp-json\/wp\/v2\/posts\/243369\/revisions"}],"wp:featuredmedia":[{"embeddable":true,"href":"https:\/\/www.europesays.com\/fr\/wp-json\/wp\/v2\/media\/243370"}],"wp:attachment":[{"href":"https:\/\/www.europesays.com\/fr\/wp-json\/wp\/v2\/media?parent=243369"}],"wp:term":[{"taxonomy":"category","embeddable":true,"href":"https:\/\/www.europesays.com\/fr\/wp-json\/wp\/v2\/categories?post=243369"},{"taxonomy":"post_tag","embeddable":true,"href":"https:\/\/www.europesays.com\/fr\/wp-json\/wp\/v2\/tags?post=243369"}],"curies":[{"name":"wp","href":"https:\/\/api.w.org\/{rel}","templated":true}]}}