{"id":243383,"date":"2025-07-11T21:14:11","date_gmt":"2025-07-11T21:14:11","guid":{"rendered":"https:\/\/www.europesays.com\/fr\/243383\/"},"modified":"2025-07-11T21:14:11","modified_gmt":"2025-07-11T21:14:11","slug":"ou-voir-les-feux-dartifice-a-paris-et-en-ile-de-france-pour-la-fete-nationale-2","status":"publish","type":"post","link":"https:\/\/www.europesays.com\/fr\/243383\/","title":{"rendered":"O\u00f9 voir les feux d\u2019artifice \u00e0 Paris et en \u00cele-de-France pour la F\u00eate Nationale\u00a0?"},"content":{"rendered":"<p>Le ciel de Paris et d\u2019\u00cele-de-France s\u2019appr\u00eate \u00e0 briller de mille couleurs durant ce long-week de c\u00e9l\u00e9brations de la F\u00eate Nationale. Les dimanche\u00a013 et lundi 14\u00a0juillet promettent du spectacle dans les rues de la capitale et de sa r\u00e9gion. D\u00e9couvrez le programme des feux d\u2019artifice pr\u00e9vus (si la m\u00e9t\u00e9o le permet).<\/p>\n<p>La f\u00eate pr\u00e9vue \u00e0 Paris, au pied de la Tour Eiffel<\/p>\n<p>D\u00e9localis\u00e9e \u00e0 l\u2019avenue Foch en\u00a02024, en raison des <a href=\"https:\/\/www.20minutes.fr\/sport\/jo\/\" class=\"color-ultramarine c-link\" target=\"_blank\" rel=\"noopener\">Jeux Olympiques<\/a>, la f\u00eate du 14\u00a0juillet sera de retour sur le Champ-de-Mars et le Trocad\u00e9ro dimanche soir. Le concert symphonique gratuit de l\u2019Orchestre national de France, le Choeur et la Ma\u00eetrise de <a href=\"https:\/\/www.20minutes.fr\/medias\/radio-france\/\" class=\"color-ultramarine c-link\" target=\"_blank\" rel=\"noopener\">Radio France<\/a> raviront les amoureux de musique classique. \u00c0 20h, l\u2019orchestre reprendra de grandes \u0153uvres dans ce cadre grandiose. \u00c0 partir de 23h, le spectacle de milliers de drones accompagnera le feu d\u2019artifice.<\/p>\n<p class=\"mb-xxl@xs color-ultramarine font-weight-semi-bold@xs font-source-serif-pro heading-s@xs\">L\u2019acc\u00e8s \u00e0 ce contenu a \u00e9t\u00e9 bloqu\u00e9 afin de respecter votre choix de consentement<\/p>\n<p class=\"mb-m@xs text-l@xs\">En cliquant sur\u00ab J\u2019accepte \u00bb, vous acceptez le d\u00e9p\u00f4t de cookies par des services externes et aurez ainsi acc\u00e8s aux contenus de nos partenaires.<\/p>\n<p class=\"mb-xl@xs text-s@xs\">Plus d\u2019informations sur la page<a href=\"https:\/\/www.20minutes.fr\/gestion-cookies\" class=\"mx-xxs@xs color-ultramarine\" target=\"_blank\" rel=\"noopener\">Politique de gestion des cookies<\/a><\/p>\n<p>J\u2019accepteLes feux d\u2019artifice en \u00cele-de-France les 13 et 14\u00a0juillet<\/p>\n<p>Comme chaque ann\u00e9e, de nombreuses villes tirent le feu d\u2019artifice d\u00e8s le 13\u00a0juillet. Les yeux des petits et des grands brilleront sous les lumi\u00e8res des spectacles pyrotechniques durant deux jours de f\u00eate \u00e0 travers la r\u00e9gion parisienne, mais \u00e9galement dans toute la France, jusqu\u2019au 14\u00a0juillet au soir.<\/p>\n<ul>\n<li>Le dimanche 13\u00a0juillet, Gentilly (Val de Marne), les habitants sont attendus d\u00e8s 19h au parc Picasso pour un pique-nique et un bal populaire. \u00c0 23h, le feu d\u2019artifice sera tir\u00e9 depuis le complexe sportif Maurice-Baquet.<\/li>\n<li>\u00c0 <a href=\"https:\/\/www.20minutes.fr\/dossier\/nanterre\" class=\"color-ultramarine c-link\" target=\"_blank\" rel=\"noopener\">Nanterre<\/a>, Arcueil, Choisy-le-Roi, Nogent-sur-Marne, mais aussi \u00e0 Bagnolet, les bals et les feux d\u2019artifice seront \u00e9galement au programme dimanche soir.<\/li>\n<li>Sucy-en-Brie (94)\u00a0: Les Sucyciens sont attendus les dimanche\u00a013 et le lundi 14\u00a0juillet 2025, avec un bal des pompiers, une retraite aux flambeaux et un grand feu d\u2019artifice dans la ville.<\/li>\n<li><a href=\"https:\/\/www.20minutes.fr\/dossier\/puteaux\" class=\"color-ultramarine c-link\" target=\"_blank\" rel=\"noopener\">Puteaux<\/a> (92)\u00a0: Au programme du 14\u00a0juillet, un feu d\u2019artifice, des concerts et des marches avec des flambeaux.<\/li>\n<li>Saint-Maur-des-Foss\u00e9s (94)\u00a0: le 13\u00a0juillet, le bal des pompiers permettra de faire monter l\u2019ambiance d\u2019un cran.<\/li>\n<li>Bagnolet (93)\u00a0: Un feu d\u2019artifice est pr\u00e9vu le 13\u00a0juillet 2025. Venez vivre un spectacle unique dans l\u2019ann\u00e9e.<\/li>\n<li><a href=\"https:\/\/www.20minutes.fr\/dossier\/pantin\" class=\"color-ultramarine c-link\" target=\"_blank\" rel=\"noopener\">Pantin<\/a> (93)\u00a0: Un feu d\u2019artifice, un bal populaire et un pique-nique rythmeront le 14\u00a0juillet 2025<\/li>\n<li>Stains (93)\u00a0: Le feu d\u2019artifice sera tir\u00e9 le dimanche 13\u00a0juillet. Des animations sont pr\u00e9vues.<\/li>\n<li>Charenton (94)\u00a0: Sur le bord de la <a href=\"https:\/\/www.20minutes.fr\/societe\/marne\/\" class=\"color-ultramarine c-link\" target=\"_blank\" rel=\"noopener\">Marne<\/a>, le feu d\u2019artifice du 14\u00a0juillet sera tir\u00e9, en commun avec Maisons-Alfort et Saint Maurice.<\/li>\n<li>Vigneux-sur-Seine (91)\u00a0: Un feu d\u2019artifice est pr\u00e9vu le 13\u00a0juillet.<\/li>\n<li>La\u00a0Courneuve (93)\u00a0: Le 13 juillet, le traditionnel feu d\u2019artifice est organis\u00e9.<\/li>\n<li><a href=\"https:\/\/www.20minutes.fr\/dossier\/montreuil\" class=\"color-ultramarine c-link\" target=\"_blank\" rel=\"noopener\">Montreuil<\/a> (93)\u00a0: Un bal des pompiers vous fera danser durant toute la nuit du 13\u00a0juillet.<\/li>\n<\/ul>\n","protected":false},"excerpt":{"rendered":"Le ciel de Paris et d\u2019\u00cele-de-France s\u2019appr\u00eate \u00e0 briller de mille couleurs durant ce long-week de c\u00e9l\u00e9brations de&hellip;\n","protected":false},"author":2,"featured_media":243384,"comment_status":"","ping_status":"","sticky":false,"template":"","format":"standard","meta":{"footnotes":""},"categories":[1592],"tags":[1111,11,5665,1777,674,1011,27,662,11207,12,626,1306,25],"class_list":{"0":"post-243383","1":"post","2":"type-post","3":"status-publish","4":"format-standard","5":"has-post-thumbnail","7":"category-ile-de-france","8":"tag-actu","9":"tag-actualites","10":"tag-bagnolet","11":"tag-eu","12":"tag-europe","13":"tag-fr","14":"tag-france","15":"tag-ile-de-france","16":"tag-jour-ferie","17":"tag-news","18":"tag-paris","19":"tag-regions","20":"tag-republique-francaise"},"share_on_mastodon":{"url":"https:\/\/pubeurope.com\/@fr\/114836672551420098","error":""},"_links":{"self":[{"href":"https:\/\/www.europesays.com\/fr\/wp-json\/wp\/v2\/posts\/243383","targetHints":{"allow":["GET"]}}],"collection":[{"href":"https:\/\/www.europesays.com\/fr\/wp-json\/wp\/v2\/posts"}],"about":[{"href":"https:\/\/www.europesays.com\/fr\/wp-json\/wp\/v2\/types\/post"}],"author":[{"embeddable":true,"href":"https:\/\/www.europesays.com\/fr\/wp-json\/wp\/v2\/users\/2"}],"replies":[{"embeddable":true,"href":"https:\/\/www.europesays.com\/fr\/wp-json\/wp\/v2\/comments?post=243383"}],"version-history":[{"count":0,"href":"https:\/\/www.europesays.com\/fr\/wp-json\/wp\/v2\/posts\/243383\/revisions"}],"wp:featuredmedia":[{"embeddable":true,"href":"https:\/\/www.europesays.com\/fr\/wp-json\/wp\/v2\/media\/243384"}],"wp:attachment":[{"href":"https:\/\/www.europesays.com\/fr\/wp-json\/wp\/v2\/media?parent=243383"}],"wp:term":[{"taxonomy":"category","embeddable":true,"href":"https:\/\/www.europesays.com\/fr\/wp-json\/wp\/v2\/categories?post=243383"},{"taxonomy":"post_tag","embeddable":true,"href":"https:\/\/www.europesays.com\/fr\/wp-json\/wp\/v2\/tags?post=243383"}],"curies":[{"name":"wp","href":"https:\/\/api.w.org\/{rel}","templated":true}]}}