{"id":243395,"date":"2025-07-11T21:20:17","date_gmt":"2025-07-11T21:20:17","guid":{"rendered":"https:\/\/www.europesays.com\/fr\/243395\/"},"modified":"2025-07-11T21:20:17","modified_gmt":"2025-07-11T21:20:17","slug":"guerre-en-ukraine-les-etats-unis-reprennent-les-livraisons-darmes-annonce-zelensky","status":"publish","type":"post","link":"https:\/\/www.europesays.com\/fr\/243395\/","title":{"rendered":"Guerre en Ukraine : les \u00c9tats-Unis reprennent les livraisons d&rsquo;armes, annonce Zelensky"},"content":{"rendered":"<p class=\"ap-StoryElement ap-StoryElement--mb ap-StoryText\">\u00ab\u00a0Selon toutes les informations, les livraisons d&rsquo;armes ont repris\u00a0\u00bb, a d\u00e9clar\u00e9 Zelensky dans un message vid\u00e9o. \u00c0 partir de lundi prochain, l&rsquo;\u00e9missaire am\u00e9ricain pour l&rsquo;Ukraine et la Russie, Keith Kellogg, se rendra en Ukraine. Des discussions sur le soutien militaire sont \u00e9galement pr\u00e9vues \u00e0 ce moment-l\u00e0.<\/p>\n<p class=\"ap-StoryElement ap-StoryElement--mb ap-StoryText\">\u00ab\u00a0Nous pr\u00e9parons aussi de nouveaux paquets d&rsquo;<a href=\"https:\/\/www.lalibre.be\/international\/europe\/guerre-ukraine-russie\/2025\/06\/16\/trois-ans-apres-ou-en-est-le-soutien-militaire-de-leurope-a-lukraine-3CEQUS4LJBFMDONBYD3GPA6OMY\/\" target=\"_blank\" rel=\"nofollow noopener\">armement europ\u00e9ens<\/a>\u00ab\u00a0, a ajout\u00e9 le pr\u00e9sident ukrainien, qui s&rsquo;attend \u00e9galement \u00e0 \u00ab\u00a0des mesures fortes\u00a0\u00bb concernant de nouvelles sanctions contre la Russie.<\/p>\n","protected":false},"excerpt":{"rendered":"\u00ab\u00a0Selon toutes les informations, les livraisons d&rsquo;armes ont repris\u00a0\u00bb, a d\u00e9clar\u00e9 Zelensky dans un message vid\u00e9o. \u00c0 partir&hellip;\n","protected":false},"author":2,"featured_media":243396,"comment_status":"","ping_status":"","sticky":false,"template":"","format":"standard","meta":{"footnotes":""},"categories":[1590],"tags":[11,38304,1777,674,12,38302,38303,38301,220],"class_list":{"0":"post-243395","1":"post","2":"type-post","3":"status-publish","4":"format-standard","5":"has-post-thumbnail","7":"category-ukraine","8":"tag-actualites","9":"tag-conflicten","10":"tag-eu","11":"tag-europe","12":"tag-news","13":"tag-oekraine","14":"tag-oorlog","15":"tag-rusland","16":"tag-ukraine"},"share_on_mastodon":{"url":"https:\/\/pubeurope.com\/@fr\/114836696167853471","error":""},"_links":{"self":[{"href":"https:\/\/www.europesays.com\/fr\/wp-json\/wp\/v2\/posts\/243395","targetHints":{"allow":["GET"]}}],"collection":[{"href":"https:\/\/www.europesays.com\/fr\/wp-json\/wp\/v2\/posts"}],"about":[{"href":"https:\/\/www.europesays.com\/fr\/wp-json\/wp\/v2\/types\/post"}],"author":[{"embeddable":true,"href":"https:\/\/www.europesays.com\/fr\/wp-json\/wp\/v2\/users\/2"}],"replies":[{"embeddable":true,"href":"https:\/\/www.europesays.com\/fr\/wp-json\/wp\/v2\/comments?post=243395"}],"version-history":[{"count":0,"href":"https:\/\/www.europesays.com\/fr\/wp-json\/wp\/v2\/posts\/243395\/revisions"}],"wp:featuredmedia":[{"embeddable":true,"href":"https:\/\/www.europesays.com\/fr\/wp-json\/wp\/v2\/media\/243396"}],"wp:attachment":[{"href":"https:\/\/www.europesays.com\/fr\/wp-json\/wp\/v2\/media?parent=243395"}],"wp:term":[{"taxonomy":"category","embeddable":true,"href":"https:\/\/www.europesays.com\/fr\/wp-json\/wp\/v2\/categories?post=243395"},{"taxonomy":"post_tag","embeddable":true,"href":"https:\/\/www.europesays.com\/fr\/wp-json\/wp\/v2\/tags?post=243395"}],"curies":[{"name":"wp","href":"https:\/\/api.w.org\/{rel}","templated":true}]}}