{"id":243397,"date":"2025-07-11T21:21:15","date_gmt":"2025-07-11T21:21:15","guid":{"rendered":"https:\/\/www.europesays.com\/fr\/243397\/"},"modified":"2025-07-11T21:21:15","modified_gmt":"2025-07-11T21:21:15","slug":"le-narcotrafiquant-fito-accepte-son-extradition-vers-les-etats-unis","status":"publish","type":"post","link":"https:\/\/www.europesays.com\/fr\/243397\/","title":{"rendered":"le narcotrafiquant \u00abFito\u00bb accepte son extradition vers les \u00c9tats-Unis"},"content":{"rendered":"<p>Chef d\u2019un des principaux gangs du pays, il a \u00e9galement \u00e9t\u00e9 associ\u00e9 \u00e0 l\u2019assassinat en ao\u00fbt 2023 de l\u2019un des principaux candidats \u00e0 l\u2019\u00e9lection pr\u00e9sidentielle \u00e9quatorienne.<\/p>\n<p class=\"fig-paragraph\">Le plus grand narcotrafiquant\u00a0<a href=\"https:\/\/www.lefigaro.fr\/tag\/equateur\" target=\"_blank\" rel=\"noopener\" data-gtm-custom-categorie=\"navigation\" data-gtm-custom-action=\"crossclick\" data-gtm-custom-label=\"Contextuel\" data-gtm-event=\"customEventSPE\">d&rsquo;\u00c9quateur<\/a>,\u00a0<a href=\"http:\/\/www.lefigaro.fr\/international\/equateur-arrestation-du-narcotrafiquant-fito-l-un-des-plus-dangereux-criminels-en-cavale-depuis-plus-d-un-an-20250626\" target=\"_blank\" data-fig-type=\"NewsFlash\" rel=\"noopener\" data-gtm-custom-categorie=\"navigation\" data-gtm-custom-action=\"crossclick\" data-gtm-custom-label=\"Contextuel\" data-gtm-event=\"customEventSPE\" data-fig-domain=\"LEFIGARO\">Adolfo Macias surnomm\u00e9 \u00abFito\u00bb<\/a>, a accept\u00e9 vendredi d&rsquo;\u00eatre extrad\u00e9 vers les \u00c9tats-Unis, o\u00f9 le parquet l&rsquo;accuse de trafic de coca\u00efne et d&rsquo;armes, a annonc\u00e9 la Cour nationale de justice du pays sud-am\u00e9ricain. Consid\u00e9r\u00e9 comme l&rsquo;un des plus dangereux criminels d&rsquo;\u00c9quateur, \u00abFito\u00bb avait \u00e9t\u00e9 arr\u00eat\u00e9 fin juin dans sa ville natale de Manta, \u00e0 350 km au sud-ouest de Quito, apr\u00e8s un an et demi de cavale.<\/p>\n<p class=\"fig-paragraph\">Chef d\u2019un des principaux gangs du pays, les Choneros, qui r\u00e8gne notamment sur le\u00a0<a href=\"http:\/\/www.lefigaro.fr\/flash-actu\/trafic-de-drogue-en-equateur-l-etat-d-urgence-decrete-a-quito-et-dans-sept-provinces-20250412\" target=\"_blank\" data-fig-type=\"NewsFlash\" rel=\"noopener\" data-gtm-custom-categorie=\"navigation\" data-gtm-custom-action=\"crossclick\" data-gtm-custom-label=\"Contextuel\" data-gtm-event=\"customEventSPE\" data-fig-domain=\"LEFIGARO\">trafic de coca\u00efne<\/a>, il a \u00e9galement \u00e9t\u00e9 associ\u00e9 \u00e0 l\u2019assassinat en ao\u00fbt 2023 de l\u2019un des principaux candidats \u00e0 l\u2019\u00e9lection pr\u00e9sidentielle \u00e9quatorienne, Fernando Villavicencio, qui avait fait \u00e9tat de menaces de mort de sa part.<\/p>\n","protected":false},"excerpt":{"rendered":"Chef d\u2019un des principaux gangs du pays, il a \u00e9galement \u00e9t\u00e9 associ\u00e9 \u00e0 l\u2019assassinat en ao\u00fbt 2023 de&hellip;\n","protected":false},"author":2,"featured_media":243398,"comment_status":"","ping_status":"","sticky":false,"template":"","format":"standard","meta":{"footnotes":""},"categories":[1589],"tags":[11,34464,73,1866,12,887,1864,1865,1863,308],"class_list":{"0":"post-243397","1":"post","2":"type-post","3":"status-publish","4":"format-standard","5":"has-post-thumbnail","7":"category-etats-unis","8":"tag-actualites","9":"tag-equateur","10":"tag-etats-unis","11":"tag-etats-unis-damerique","12":"tag-news","13":"tag-trafic-de-drogue","14":"tag-united-states","15":"tag-united-states-of-america","16":"tag-us","17":"tag-usa"},"share_on_mastodon":{"url":"https:\/\/pubeurope.com\/@fr\/114836700108692999","error":""},"_links":{"self":[{"href":"https:\/\/www.europesays.com\/fr\/wp-json\/wp\/v2\/posts\/243397","targetHints":{"allow":["GET"]}}],"collection":[{"href":"https:\/\/www.europesays.com\/fr\/wp-json\/wp\/v2\/posts"}],"about":[{"href":"https:\/\/www.europesays.com\/fr\/wp-json\/wp\/v2\/types\/post"}],"author":[{"embeddable":true,"href":"https:\/\/www.europesays.com\/fr\/wp-json\/wp\/v2\/users\/2"}],"replies":[{"embeddable":true,"href":"https:\/\/www.europesays.com\/fr\/wp-json\/wp\/v2\/comments?post=243397"}],"version-history":[{"count":0,"href":"https:\/\/www.europesays.com\/fr\/wp-json\/wp\/v2\/posts\/243397\/revisions"}],"wp:featuredmedia":[{"embeddable":true,"href":"https:\/\/www.europesays.com\/fr\/wp-json\/wp\/v2\/media\/243398"}],"wp:attachment":[{"href":"https:\/\/www.europesays.com\/fr\/wp-json\/wp\/v2\/media?parent=243397"}],"wp:term":[{"taxonomy":"category","embeddable":true,"href":"https:\/\/www.europesays.com\/fr\/wp-json\/wp\/v2\/categories?post=243397"},{"taxonomy":"post_tag","embeddable":true,"href":"https:\/\/www.europesays.com\/fr\/wp-json\/wp\/v2\/tags?post=243397"}],"curies":[{"name":"wp","href":"https:\/\/api.w.org\/{rel}","templated":true}]}}