{"id":243399,"date":"2025-07-11T21:22:17","date_gmt":"2025-07-11T21:22:17","guid":{"rendered":"https:\/\/www.europesays.com\/fr\/243399\/"},"modified":"2025-07-11T21:22:17","modified_gmt":"2025-07-11T21:22:17","slug":"super-league-le-royaume-uni-rend-hommage-aux-dragons-catalans-rugby-a-xiii","status":"publish","type":"post","link":"https:\/\/www.europesays.com\/fr\/243399\/","title":{"rendered":"Super League &#8211; Le Royaume-Uni rend hommage aux Dragons Catalans &#8211; Rugby \u00e0 XIII"},"content":{"rendered":"<p style=\"text-align: justify;\"><strong>Le rugby \u00e0 XIII ainsi que les Dragons Catalans ont \u00e9t\u00e9 mis \u00e0 l\u2019honneur \u00e0 la Chambre des communes lors de la visite d\u2019Emmanuel Macron au Royaume-Uni.<\/strong><\/p>\n<p style=\"text-align: justify;\">Pr\u00e9sident de la Chambre des communes (l\u2019\u00e9quivalent de l\u2019Assembl\u00e9e nationale), Sir Lindsay Hole a accueilli le Pr\u00e9sident de la R\u00e9publique fran\u00e7aise ce mardi 8 juillet avec un discours encensant et \u00e9voquant les \u00ab\u00a0plus de 900 ans\u00a0\u00bb d\u2019histoire entre la France et le Royaume-Uni.<\/p>\n<p>Le sport mis en avant<\/p>\n<p style=\"text-align: justify;\">Sir Lindsay Hole d\u00e9voile \u00eatre comme Emmanuel Macron \u00ab\u00a0un grand passionn\u00e9 de sport\u00a0\u00bb, il d\u00e9clare aussi \u00ab\u00a0quand on pense au sport fran\u00e7ais, on pense souvent au cyclisme, au rugby, \u00e0 l\u2019escrime, au football\u00a0\u00bb. C\u2019est apr\u00e8s \u00e7a que Sir \u00e9voque le rugby \u00e0 XIII qui est un sport commun entre la France et le Royaume-Uni.<\/p>\n<p style=\"text-align: justify;\">Le Pr\u00e9sident de la Chambre des communes rappelle comment le rugby \u00e0 XIII est n\u00e9 en France, avec l\u2019arriv\u00e9e de Jean Galia et d\u2019autres fran\u00e7ais dans le Lancashire, le comt\u00e9 d\u2019origine du Sir. Cette visite historique donnera naissance au XIII en France le 6 avril 1934. Il rappelle \u00e9galement les \u00e9preuves travers\u00e9es sous le r\u00e9gime de Vichy, il remercie \u00e9galement la France pour ce qu\u2019elle fait pour le rugby \u00e0 XIII et d\u00e9clare que la France est devenue l\u2019une des principales puissances du rugby \u00e0 XIII.<\/p>\n<p>L\u2019hommage aux Dragons Catalans<\/p>\n<p style=\"text-align: justify;\">Sir Lindsay Hole trouve \u00ab\u00a0fantastique qu\u2019une \u00e9quipe professionnelle, les Dragons Catalans, ait pu rejoindre, depuis, notre Super League\u00a0\u00bb. Dans une bonne ambiance et avec humour, Sir Lindsay Hole rappelle la victoire des Sang et Or en Challenge Cup en 2018 contre Warrington.<\/p>\n<blockquote>\n<p style=\"text-align: justify;\">Bien que \u00e7a soit une bonne chose de voir une franchise fran\u00e7aise, malheureusement, je crains que nous vous ayons trop bien appris a jouer. Les Dragons Catalans ont d\u00e9montr\u00e9 leurs prouesses en 2018, lorsqu\u2019ils ont remport\u00e9 la Challenge Cup, en battant mon \u00e9quipe locale, les Warrington Wolves sur le score de 20 \u00e0 14, devant une foule de plus de 50 000 personnes \u00e0 Wembley. Comme ils disent en France : c\u2019est la vie.<\/p>\n<\/blockquote>\n<blockquote class=\"twitter-tweet\" data-width=\"500\" data-dnt=\"true\">\n<p lang=\"fr\" dir=\"ltr\">Les Dragons ont \u00e9t\u00e9 mis \u00e0 l\u2019honneur par \ud835\udc0b\ud835\udc22\ud835\udc27\ud835\udc1d\ud835\udc2c\ud835\udc1a\ud835\udc32 \ud835\udc07\ud835\udc28\ud835\udc32\ud835\udc25\ud835\udc1e, Pr\u00e9sident de la Chambre des communes du Royaume-Uni, lors de son discours au Pr\u00e9sident <a href=\"https:\/\/twitter.com\/EmmanuelMacron?ref_src=twsrc%5Etfw\" rel=\"nofollow noopener\" target=\"_blank\">@EmmanuelMacron<\/a>, en visite d\u2019Etat\u00a0\u00e0\u00a0Londres. <a href=\"https:\/\/t.co\/btwEUHcQD1\" rel=\"nofollow\">pic.twitter.com\/btwEUHcQD1<\/a><\/p>\n<p>\u2014 Dragons Catalans (@DragonsOfficiel) <a href=\"https:\/\/twitter.com\/DragonsOfficiel\/status\/1942935530481549317?ref_src=twsrc%5Etfw\" rel=\"nofollow noopener\" target=\"_blank\">July 9, 2025<\/a><\/p>\n<\/blockquote>\n<p>        <script async src=\"https:\/\/platform.twitter.com\/widgets.js\" charset=\"utf-8\"><\/script><\/p>\n","protected":false},"excerpt":{"rendered":"Le rugby \u00e0 XIII ainsi que les Dragons Catalans ont \u00e9t\u00e9 mis \u00e0 l\u2019honneur \u00e0 la Chambre des&hellip;\n","protected":false},"author":2,"featured_media":243400,"comment_status":"","ping_status":"","sticky":false,"template":"","format":"standard","meta":{"footnotes":""},"categories":[1588],"tags":[11,3248,1777,674,12,473,1853,2228,2229,4474,1851,1850,1852],"class_list":{"0":"post-243399","1":"post","2":"type-post","3":"status-publish","4":"format-standard","5":"has-post-thumbnail","7":"category-royaume-uni","8":"tag-actualites","9":"tag-dragons-catalans","10":"tag-eu","11":"tag-europe","12":"tag-news","13":"tag-royaume-uni","14":"tag-royaume-uni-de-grande-bretagne-et-dirlande-du-nord","15":"tag-rugby-a-xiii","16":"tag-rugby-league","17":"tag-super-league","18":"tag-uk","19":"tag-united-kingdom","20":"tag-united-kingdom-of-great-britain-and-northern-ireland"},"share_on_mastodon":{"url":"https:\/\/pubeurope.com\/@fr\/114836704023136883","error":""},"_links":{"self":[{"href":"https:\/\/www.europesays.com\/fr\/wp-json\/wp\/v2\/posts\/243399","targetHints":{"allow":["GET"]}}],"collection":[{"href":"https:\/\/www.europesays.com\/fr\/wp-json\/wp\/v2\/posts"}],"about":[{"href":"https:\/\/www.europesays.com\/fr\/wp-json\/wp\/v2\/types\/post"}],"author":[{"embeddable":true,"href":"https:\/\/www.europesays.com\/fr\/wp-json\/wp\/v2\/users\/2"}],"replies":[{"embeddable":true,"href":"https:\/\/www.europesays.com\/fr\/wp-json\/wp\/v2\/comments?post=243399"}],"version-history":[{"count":0,"href":"https:\/\/www.europesays.com\/fr\/wp-json\/wp\/v2\/posts\/243399\/revisions"}],"wp:featuredmedia":[{"embeddable":true,"href":"https:\/\/www.europesays.com\/fr\/wp-json\/wp\/v2\/media\/243400"}],"wp:attachment":[{"href":"https:\/\/www.europesays.com\/fr\/wp-json\/wp\/v2\/media?parent=243399"}],"wp:term":[{"taxonomy":"category","embeddable":true,"href":"https:\/\/www.europesays.com\/fr\/wp-json\/wp\/v2\/categories?post=243399"},{"taxonomy":"post_tag","embeddable":true,"href":"https:\/\/www.europesays.com\/fr\/wp-json\/wp\/v2\/tags?post=243399"}],"curies":[{"name":"wp","href":"https:\/\/api.w.org\/{rel}","templated":true}]}}