{"id":243401,"date":"2025-07-11T21:23:17","date_gmt":"2025-07-11T21:23:17","guid":{"rendered":"https:\/\/www.europesays.com\/fr\/243401\/"},"modified":"2025-07-11T21:23:17","modified_gmt":"2025-07-11T21:23:17","slug":"lallemagne-inflige-un-coup-au-rafale-francais-en-lui-preferant-le-f35-americain","status":"publish","type":"post","link":"https:\/\/www.europesays.com\/fr\/243401\/","title":{"rendered":"L&rsquo;Allemagne inflige un coup au Rafale fran\u00e7ais en lui pr\u00e9f\u00e9rant le F35 am\u00e9ricain"},"content":{"rendered":"<p>C\u2019est une nouvelle qui, si elle se confirme, devrait raviver les tensions. Apr\u00e8s le Royaume-Uni et, plus r\u00e9cemment, <a href=\"https:\/\/www.capital.fr\/entreprises-marches\/la-belgique-ecarte-le-rafale-au-profit-du-f35-americain-le-jugement-est-sans-appel-1515685\" rel=\"nofollow noopener\" target=\"_blank\">la Belgique<\/a> qui a indiqu\u00e9 vouloir acqu\u00e9rir 11 nouveaux appareils, l\u2019Allemagne serait sur le point de passer <strong>une nouvelle commande de 15 F-35 am\u00e9ricains<\/strong> suppl\u00e9mentaires con\u00e7us par Lockheed Martin, le pr\u00e9f\u00e9rant ainsi \u00e0 son concurrent, le mythique <a href=\"https:\/\/www.capital.fr\/entreprises-marches\/rafale-12-infos-que-vous-ignorez-peut-etre-sur-lavion-de-chasse-star-de-dassault-aviation-1513843\" rel=\"nofollow noopener\" target=\"_blank\">Rafale<\/a>. Comme le rapporte <a href=\"https:\/\/www.politico.eu\/article\/germany-plan-buy-f35-fighter-jet-united-states\/\" rel=\"nofollow noopener\" target=\"_blank\">Politico<\/a>, cette nouvelle commande porterait alors \u00e0 <strong>50 la flotte allemande, contre 35 appareils initialement command\u00e9s en 2022.<\/strong><\/p>\n<p>Les n\u00e9gociations, qui se tiennent <strong>dans le plus grand secret<\/strong>, interviennent dans un climat tr\u00e8s tendu entre Paris, Berlin et Madrid, les trois partenaires du projet de <a href=\"https:\/\/www.capital.fr\/entreprises-marches\/un-clou-dans-le-cercueil-le-projet-du-futur-avion-de-combat-europeen-a-du-plomb-dans-l-aile-1515883\" rel=\"nofollow noopener\" target=\"_blank\">syst\u00e8me de combat a\u00e9rien du futur<\/a> (SCAF). Alors que le projet doit permettre d\u2019incarner la souverainet\u00e9 technologique europ\u00e9enne, ce dernier semble actuellement au point mort en raison de <strong>rivalit\u00e9s industrielles.<\/strong><\/p>\n<p>Les exigences de Dassault Aviation au c\u0153ur du probl\u00e8me<\/p>\n<p>Le 9 juillet dernier, le chancelier allemand Friedrich Merz a pourtant fait savoir lors d\u2019une rencontre avec le secr\u00e9taire g\u00e9n\u00e9ral de l\u2019Otan, Mark Rutte, avoir d\u00e9cid\u00e9 de <strong>clarifier au cours des prochains mois cette question<\/strong>, reconnaissant dans le m\u00eame temps que \u00ables divergences de vues sur la composition de ce consortium n\u2019ont pas encore \u00e9t\u00e9 r\u00e9solues\u00bb.<\/p>\n<p>Car c\u2019est bien entre Berlin et Paris que les diff\u00e9rends sont persistants. En effet, le n\u0153ud du probl\u00e8me concernerait les exigences de la part de Dassault Aviation d\u2019<strong>obtenir la ma\u00eetrise de 80 % des composants centraux du futur avion. <\/strong>Une exigence<strong> <\/strong>consid\u00e9r\u00e9e comme une position peu acceptable par l\u2019Allemagne.<\/p>\n<p>Si, pour l\u2019heure, aucune confirmation d\u2019une nouvelle commande n&rsquo;a \u00e9t\u00e9 officialis\u00e9e, un porte-parole du minist\u00e8re allemand de la D\u00e9fense <strong>a d\u00e9menti<\/strong> ce vendredi 11 juillet lors d\u2019un point presse toute volont\u00e9 de la part de l\u2019Allemagne d\u2019acheter de nouveaux <a href=\"https:\/\/www.capital.fr\/conso\/taxe-de-solidarite-sur-les-billets-d-avion-ce-que-vous-devez-savoir-1510219\" rel=\"nofollow noopener\" target=\"_blank\">avions<\/a> de combat am\u00e9ricains. \u00abLe minist\u00e8re de la D\u00e9fense n\u2019a pas l\u2019intention d\u2019acqu\u00e9rir des F-35 suppl\u00e9mentaires en plus des F-35 d\u00e9j\u00e0 pr\u00e9vus par le contrat\u00bb, a-t-il indiqu\u00e9.<\/p>\n","protected":false},"excerpt":{"rendered":"C\u2019est une nouvelle qui, si elle se confirme, devrait raviver les tensions. Apr\u00e8s le Royaume-Uni et, plus r\u00e9cemment,&hellip;\n","protected":false},"author":2,"featured_media":243402,"comment_status":"","ping_status":"","sticky":false,"template":"","format":"standard","meta":{"footnotes":""},"categories":[1587],"tags":[11,672,1804,1805,1803,1777,674,1801,12,1802],"class_list":{"0":"post-243401","1":"post","2":"type-post","3":"status-publish","4":"format-standard","5":"has-post-thumbnail","7":"category-allemagne","8":"tag-actualites","9":"tag-allemagne","10":"tag-bundesrepublik-deutschland","11":"tag-de","12":"tag-deutschland","13":"tag-eu","14":"tag-europe","15":"tag-germany","16":"tag-news","17":"tag-republique-federale-dallemagne"},"share_on_mastodon":{"url":"https:\/\/pubeurope.com\/@fr\/114836707992317105","error":""},"_links":{"self":[{"href":"https:\/\/www.europesays.com\/fr\/wp-json\/wp\/v2\/posts\/243401","targetHints":{"allow":["GET"]}}],"collection":[{"href":"https:\/\/www.europesays.com\/fr\/wp-json\/wp\/v2\/posts"}],"about":[{"href":"https:\/\/www.europesays.com\/fr\/wp-json\/wp\/v2\/types\/post"}],"author":[{"embeddable":true,"href":"https:\/\/www.europesays.com\/fr\/wp-json\/wp\/v2\/users\/2"}],"replies":[{"embeddable":true,"href":"https:\/\/www.europesays.com\/fr\/wp-json\/wp\/v2\/comments?post=243401"}],"version-history":[{"count":0,"href":"https:\/\/www.europesays.com\/fr\/wp-json\/wp\/v2\/posts\/243401\/revisions"}],"wp:featuredmedia":[{"embeddable":true,"href":"https:\/\/www.europesays.com\/fr\/wp-json\/wp\/v2\/media\/243402"}],"wp:attachment":[{"href":"https:\/\/www.europesays.com\/fr\/wp-json\/wp\/v2\/media?parent=243401"}],"wp:term":[{"taxonomy":"category","embeddable":true,"href":"https:\/\/www.europesays.com\/fr\/wp-json\/wp\/v2\/categories?post=243401"},{"taxonomy":"post_tag","embeddable":true,"href":"https:\/\/www.europesays.com\/fr\/wp-json\/wp\/v2\/tags?post=243401"}],"curies":[{"name":"wp","href":"https:\/\/api.w.org\/{rel}","templated":true}]}}