{"id":243412,"date":"2025-07-11T21:29:19","date_gmt":"2025-07-11T21:29:19","guid":{"rendered":"https:\/\/www.europesays.com\/fr\/243412\/"},"modified":"2025-07-11T21:29:19","modified_gmt":"2025-07-11T21:29:19","slug":"gotterup-en-feu-en-ecosse-mcilroy-frappe-fort-perez-et-rozner-dans-le-coup","status":"publish","type":"post","link":"https:\/\/www.europesays.com\/fr\/243412\/","title":{"rendered":"Gotterup en feu en Ecosse, McIlroy frappe fort, Perez et Rozner dans le coup"},"content":{"rendered":"<p>\t\t\t\t\t\t<img width=\"770\" height=\"559\" src=\"https:\/\/www.europesays.com\/fr\/wp-content\/uploads\/2025\/07\/afp__20250711__2224625620__v1__highres__genesisscottishopen2025daytwo-770x559.jpg\" class=\"img-responsive wp-post-image\" alt=\"\" decoding=\"async\" fetchpriority=\"high\"  \/>\t\t\t\t\t<\/p>\n<p>\t\t\t\t\t\t Partager cet article <\/p>\n<p class=\"screen-reader-text juiz_sps_maybe_hidden_text\">Partager la publication \u00ab\u00a0Gotterup en feu en Ecosse, McIlroy frappe fort, Perez et Rozner dans le coup\u00a0\u00bb<\/p>\n<p><strong>D\u00e9cha\u00een\u00e9, l\u2019Am\u00e9ricain Chris Gotterup a martyris\u00e9 le parcours de North Berwick au point d\u2019avoir envisag\u00e9 de rendre une carte magique de 59. Il est seul en t\u00eate apr\u00e8s le 2e tour du Scottish Open. Rory McIlroy a fait la bonne affaire du jour, Victor Perez a recul\u00e9 mais il reste au contact des meilleurs avec Antoine Rozner.<\/strong><\/p>\n<p>La veille, lors du 1er tour, <strong>Rory McIlroy<\/strong> avait fr\u00f4l\u00e9 la correctionnelle : alors dans le par total, il \u00e9tait en grosse difficult\u00e9 sur le trou n\u00b015. En rentrant un putt de l\u2019ext\u00e9rieur du green de 6,50m pour sauver le bogey, il s\u2019est r\u00e9veill\u00e9 de sa torpeur. Trois birdies sur les trois derniers trous, avec notamment deux putts longue distance sur les 17 et 18, lui avaient permis de bien figurer au classement alors qu\u2019on se demandait une heure plus t\u00f4t si le vainqueur extatique du Masters allait vivre une nouvelle semaine bien terne.<\/p>\n<p>Le lendemain matin, le vainqueur du Scottish Open 2023 a poursuivi sur sa lanc\u00e9e. C\u2019est un McIlroy d\u00e9cha\u00een\u00e9 qui a attaqu\u00e9 sabre au clair les trous du retour (cinq birdies sur ses sept premiers trous), l\u2019aller pour lui.<\/p>\n<p>La suite a \u00e9t\u00e9 plus timide avec notamment neuf trous du retour (l\u2019aller) jou\u00e9 dans le par, mais le n\u00b02 mondial s\u2019est parfaitement replac\u00e9 dans le peloton de t\u00eate et il semble vraiment de retour aux affaires. \u00c7a tombe bien \u00e0 une semaine d\u2019un rendez-vous o\u00f9 le n\u00b02 mondial sera attendu comme un demi Dieu : l\u2019Open britannique chez lui \u00e0 Portrush\u2026<\/p>\n<p>\t\t\t\t\t<a id=\"178042\" href=\"https:\/\/leclub-golf.com\/fr\/actualites\/team-sud-ouest-vs-team-sud-est-le-duel-de-lete?utm_source=golf+planete&amp;utm_medium=referral&amp;utm_campaign=team+sud&amp;utm_id=team+sud_golf+planete_referral_banner\" target=\"_blank\" rel=\"sponsorised nofollow noopener\"><img decoding=\"async\" src=\"data:image\/svg+xml,%3Csvg%20xmlns=\" http:=\"\" class=\"img-responsive\" alt=\"\" data-lazy-src=\"https:\/\/www.europesays.com\/fr\/wp-content\/uploads\/2025\/07\/leclubgolf-e08-duel-teams-1170x275-1.png\"\/><\/a><\/p>\n<p>\u00ab\u00a0Le vent s\u2019est un peu renforc\u00e9 sur les neuf derniers trous mais j\u2019ai bien n\u00e9goci\u00e9 les conditions id\u00e9ales du d\u00e9part. Je suis d\u00e9\u00e7u d\u2019avoir fait mon unique bogey sur mon avant-dernier trou, mais c\u2019\u00e9tait une bonne partie. On peut dire que je ne suis plus \u2018rouill\u00e9\u2019 maintenant, mon jeu s\u2019est presque compl\u00e8tement remis en place. Ce tour me permet d\u2019\u00eatre dans la course et je suis tr\u00e8s excit\u00e9 par ce qui m\u2019attend\u00ab\u00a0, a appr\u00e9ci\u00e9 le Nord-Irlandais.<\/p>\n<blockquote><p>\nMon jeu est presque compl\u00e8tement remis en place. Je suis tr\u00e8s excit\u00e9 par le week-end qui m\u2019attend.<\/p>\n<p>Rory McIlroy<\/p>\n<\/blockquote>\n<p>\nEn attendant Rory McIlroy, comme tant d\u2019autres, va chasser ce week-end un leader inattendu : <strong>Chris Gotterup<\/strong>, l\u2019un des gros frappeur du circuit am\u00e9ricain, est en t\u00eate du tournoi \u00e0 -11 apr\u00e8s avoir \u00e9gal\u00e9 le record du parcours (61, -9 sur ce par 70). Le joueur du Maryland, 25 ans, vainqueur l\u2019an pass\u00e9 du Myrtle Beach Classic, a fait comme s\u2019il connaissait les links comme sa poche. A -9 apr\u00e8s 14 trous, il a m\u00eame pu r\u00eaver du mythique 59 mais il a d\u00fb se contenter de finir par quatre pars.<\/p>\n<p>\u00ab\u00a0Je n\u2019aime pas me lever si t\u00f4t d\u2019habitude (5h10 pour lui), mais j\u2019ai fait tomber assez vite quelques putts. J\u2019esp\u00e8re pouvoir continuer \u00e0 taper la balle comme \u00e7a et \u00e0 putter de la m\u00eame mani\u00e8re ce week-end, car cette saison, j\u2019ai eu du mal \u00e0 boucler un tournoi avec quatre bons tours\u00ab\u00a0, a comment\u00e9 l\u2019ex-pensionnaire de l\u2019Universit\u00e9 de l\u2019Oklahoma.<\/p>\n<p>Trois Anglais et un Su\u00e9dois sont aux trousses de Gotterup. Le trio des sujets de sa Majest\u00e9 est compos\u00e9 de <strong>Harry Hall<\/strong>, qui n\u2019en finit plus d\u2019\u00e9pater son monde cette saison (son pire r\u00e9sultat sur ses six derniers tournois est une 24e place), de <strong>Marco Penge<\/strong> et de <strong>Matt Fitzpatrick<\/strong>, qui a depuis quelques semaines retrouv\u00e9 des couleurs. <strong>Ludvig \u00c5berg<\/strong> lui aussi retrouve de bonnes sensations \u00e0 l\u2019image de son joli 65. L\u2019odeur de l\u2019Open britannique mais aussi de la Ryder Cup font peut-\u00eatre leur effet.<\/p>\n<p>\t\t\t\t<img loading=\"lazy\" decoding=\"async\" src=\"data:image\/svg+xml,%3Csvg%20xmlns=\" http:=\"\" attributionsrc=\"\" border=\"0\" height=\"1\" width=\"1\" alt=\"Advertisement\" data-lazy-src=\"https:\/\/www.europesays.com\/fr\/wp-content\/uploads\/2025\/04\/B33178636.417813294;dc_trk_aid=609417620;dc_trk_cid=231809231;ord=[timestamp];dc_lat=;dc_rdid=;tag_f.gif\"\/><\/p>\n<p>\t\t\t\t\t<a id=\"167823\" href=\"https:\/\/ad.doubleclick.net\/ddm\/trackclk\/N1153799.3770024GOLFPLANATE\/B33178636.417813294;dc_trk_aid=609417620;dc_trk_cid=231809231;dc_lat=;dc_rdid=;tag_for_child_directed_treatment=;tfua=;gdpr=${GDPR};gdpr_consent=${GDPR_CONSENT_755};ltd=;dc_tdv=1\" target=\"_blank\" rel=\"sponsorised nofollow noopener\"><img decoding=\"async\" src=\"data:image\/svg+xml,%3Csvg%20xmlns=\" http:=\"\" class=\"img-responsive\" alt=\"\" data-lazy-src=\"https:\/\/www.europesays.com\/fr\/wp-content\/uploads\/2025\/04\/xxio-e07-bois-13-1170x275-1.jpg\"\/><\/a><\/p>\n<p>Plus loin, <strong>Scottie Scheffler<\/strong> a v\u00e9cu une deuxi\u00e8me journ\u00e9e trop terne sur les greens pour rester pr\u00e8s de la t\u00eate. Il devra sortir le grand jeu d\u00e8s le \u00ab\u00a0moving day\u00a0\u00bb pour se m\u00ealer \u00e0 la lutte pour la victoire. Mais il n\u2019est pas compl\u00e8tement d\u00e9croch\u00e9 \u00e0 -5 total.<\/p>\n<p>Les Fran\u00e7ais, eux aussi, sont un peu loin de Gotterup mais toujours dans le coup pour esp\u00e9rer jouer les premiers r\u00f4les dans les deux derniers tours. <strong>Victor Perez<\/strong> \u00e9tait parti en boulet de canon : trois birdies sur ses trois premiers tours. Leader la veille au soir, il \u00e9tait confortablement en t\u00eate du tournoi aux premi\u00e8res heures de ce 2e acte. Mais les choses se sont g\u00e2t\u00e9es avec notamment pas mal de mises en jeu rat\u00e9es \u00e0 droite dans le gros rough.\u00a0<\/p>\n<blockquote><p>\nL\u2019\u00c9cosse, c\u2019est l\u2019un des plus beaux pays du monde quand il fait beau comme aujourd\u2019hui. Je prends beaucoup de plaisir cette semaine.<\/p>\n<p>Antoine Rozner<\/p>\n<\/blockquote>\n<p>\nLe Tarbais a m\u00eame du batailler pour sauver quelques pars presque miraculeux, comme sur le par 5 du trou n\u00b03 o\u00f9 il a rentr\u00e9 une longue approche.<\/p>\n<p><img loading=\"lazy\" decoding=\"async\" class=\"alignnone wp-image-179108 size-large\" src=\"data:image\/svg+xml,%3Csvg%20xmlns=\" http:=\"\" alt=\"\" width=\"770\" height=\"382\" data-lazy- data-lazy- data-lazy-src=\"https:\/\/www.europesays.com\/fr\/wp-content\/uploads\/2025\/07\/capture-decran-2025-07-11-a-11.47.08-770x382.png\"\/><\/p>\n<p>Victor Perez recule au-del\u00e0 du top 10 avec une carte dans le par. Il a \u00e9t\u00e9 rejoint \u00e0 -6 par <strong>Antoine Rozner<\/strong>, auteur d\u2019un deuxi\u00e8me 67 d\u2019affil\u00e9e. Le Racingman est tr\u00e8s performant avec son jeu de fers et plut\u00f4t \u00e0 l\u2019aise sur les greens.<\/p>\n<p>\t\t\t\t\t<a id=\"177269\" href=\"https:\/\/www.golfcapdagde.com\/\" target=\"_blank\" rel=\"sponsorised nofollow noopener\"><img decoding=\"async\" src=\"data:image\/svg+xml,%3Csvg%20xmlns=\" http:=\"\" class=\"img-responsive\" alt=\"\" data-lazy-src=\"https:\/\/www.europesays.com\/fr\/wp-content\/uploads\/2025\/06\/capdagdegolf-e01-experience-golf-1170x275-1.gif\"\/><\/a><\/p>\n<p>\u00ab\u00a0Dans l\u2019ensemble je suis tr\u00e8s content de mon jeu, a jug\u00e9 le \u2018rookie\u2019 du PGA Tour. Je tape bien la balle, j\u2019ai la bonne roule sur les greens. On est pour le moment g\u00e2t\u00e9s par la m\u00e9t\u00e9o. L\u2019\u00c9cosse avec ce temps, c\u2019est l\u2019un des plus beaux pays du monde. Je prends beaucoup de plaisir jusqu\u2019\u00e0 pr\u00e9sent.\u00a0\u00bb<\/p>\n<p>Couvra et Langasque braves dans le vent de l\u2019apr\u00e8s-midi<\/p>\n<p>Il faut descendre un peu plus loin dans le classement pour trouver les autres Fran\u00e7ais qui ont franchi le cut. Aux c\u00f4t\u00e9s de deux t\u00e9nors du PGA Tour, <strong>Collin Morikawa<\/strong> et Ludvig \u00c5berg, <strong>Martin Couvra<\/strong> a \u00e9t\u00e9 brave malgr\u00e9 les conditions plus difficiles de l\u2019apr\u00e8s-midi. Le vent s\u2019est renforc\u00e9, mais il a vaincu le parcours du Renaissance Club avec un jeu de fers aiguis\u00e9. Pour sa premi\u00e8re participation dans cet Open d\u2019\u00c9cosse, le jeune Fran\u00e7ais \u00e9pate.<\/p>\n<p>Lui aussi face au vent renforc\u00e9 de cette fin de journ\u00e9e, <strong>Romain Langasque<\/strong> a \u00e9t\u00e9 solide pour franchir le cut. \u00c7a passe aussi in extremis pour <strong>Ugo Coussaud<\/strong>. Malgr\u00e9 une superbe r\u00e9action (-4), <strong>Julien Guerrier<\/strong> passe \u00e0 la trappe, tout comme <strong>Matthieu Pavon<\/strong> qui a tr\u00e9buch\u00e9 sur son dernier trou du jour, <strong>David Ravetto<\/strong>, <strong>Fr\u00e9d\u00e9ric Lacroix<\/strong> et <strong>Adrien Saddier<\/strong>.<\/p>\n<p>La principale victimes de marque du cut est Collin Morikawa. Le tenant du titre <strong>Robert MacIntyre<\/strong> est pass\u00e9 par un trou de souris, tout comme <strong>Justin Thomas<\/strong>.<\/p>\n<p>Le leaderboard<\/p>\n<p><img loading=\"lazy\" decoding=\"async\" class=\"alignnone wp-image-179154 size-large\" src=\"data:image\/svg+xml,%3Csvg%20xmlns=\" http:=\"\" alt=\"\" width=\"770\" height=\"685\" data-lazy- data-lazy- data-lazy-src=\"https:\/\/www.europesays.com\/fr\/wp-content\/uploads\/2025\/07\/capture-decran-2025-07-11-a-20.07.19-770x685.png\"\/><\/p>\n<p><img loading=\"lazy\" decoding=\"async\" class=\"alignnone wp-image-179155 size-large\" src=\"data:image\/svg+xml,%3Csvg%20xmlns=\" http:=\"\" alt=\"\" width=\"770\" height=\"639\" data-lazy- data-lazy- data-lazy-src=\"https:\/\/www.europesays.com\/fr\/wp-content\/uploads\/2025\/07\/capture-decran-2025-07-11-a-20.08.34-770x639.png\"\/><\/p>\n<p>Photo Christian Petersen \/ GETTY IMAGES EUROPE \/ Getty Images via AFP<\/p>\n","protected":false},"excerpt":{"rendered":"Partager cet article Partager la publication \u00ab\u00a0Gotterup en feu en Ecosse, McIlroy frappe fort, Perez et Rozner dans&hellip;\n","protected":false},"author":2,"featured_media":243413,"comment_status":"","ping_status":"","sticky":false,"template":"","format":"standard","meta":{"footnotes":""},"categories":[1418],"tags":[1011,27,1472,60],"class_list":{"0":"post-243412","1":"post","2":"type-post","3":"status-publish","4":"format-standard","5":"has-post-thumbnail","7":"category-golf","8":"tag-fr","9":"tag-france","10":"tag-golf","11":"tag-sports"},"share_on_mastodon":{"url":"https:\/\/pubeurope.com\/@fr\/114836731945847936","error":""},"_links":{"self":[{"href":"https:\/\/www.europesays.com\/fr\/wp-json\/wp\/v2\/posts\/243412","targetHints":{"allow":["GET"]}}],"collection":[{"href":"https:\/\/www.europesays.com\/fr\/wp-json\/wp\/v2\/posts"}],"about":[{"href":"https:\/\/www.europesays.com\/fr\/wp-json\/wp\/v2\/types\/post"}],"author":[{"embeddable":true,"href":"https:\/\/www.europesays.com\/fr\/wp-json\/wp\/v2\/users\/2"}],"replies":[{"embeddable":true,"href":"https:\/\/www.europesays.com\/fr\/wp-json\/wp\/v2\/comments?post=243412"}],"version-history":[{"count":0,"href":"https:\/\/www.europesays.com\/fr\/wp-json\/wp\/v2\/posts\/243412\/revisions"}],"wp:featuredmedia":[{"embeddable":true,"href":"https:\/\/www.europesays.com\/fr\/wp-json\/wp\/v2\/media\/243413"}],"wp:attachment":[{"href":"https:\/\/www.europesays.com\/fr\/wp-json\/wp\/v2\/media?parent=243412"}],"wp:term":[{"taxonomy":"category","embeddable":true,"href":"https:\/\/www.europesays.com\/fr\/wp-json\/wp\/v2\/categories?post=243412"},{"taxonomy":"post_tag","embeddable":true,"href":"https:\/\/www.europesays.com\/fr\/wp-json\/wp\/v2\/tags?post=243412"}],"curies":[{"name":"wp","href":"https:\/\/api.w.org\/{rel}","templated":true}]}}