{"id":243414,"date":"2025-07-11T21:30:17","date_gmt":"2025-07-11T21:30:17","guid":{"rendered":"https:\/\/www.europesays.com\/fr\/243414\/"},"modified":"2025-07-11T21:30:17","modified_gmt":"2025-07-11T21:30:17","slug":"volley-ball-la-fin-dune-longue-route-sous-les-couleurs-de-larago-de-sete-pour-fred-gibert","status":"publish","type":"post","link":"https:\/\/www.europesays.com\/fr\/243414\/","title":{"rendered":"Volley-ball\u00a0: la fin d\u2019une longue route sous les couleurs de l\u2019Arago de S\u00e8te pour Fred Gibert"},"content":{"rendered":"<p>\n                                                                L\u2019entra\u00eeneur s\u2019est engag\u00e9 avec Rennes, apr\u00e8s dix-neuf saisons pass\u00e9es \u00e0 S\u00e8te.\n                            <\/p>\n<p>Il a d\u00e9barqu\u00e9, de Cannes, en \u00cele singuli\u00e8re en 2006, avec notamment un titre de champion d\u2019Europe acquis deux ans plus t\u00f4t sous les couleurs de Tours. Apr\u00e8s avoir bourlingu\u00e9 et connu moult d\u00e9m\u00e9nagements, Fred Gibert ne pensait peut-\u00eatre pas que ses valises resteraient pos\u00e9es aussi longtemps.<\/p>\n<p>Et pourtant, celui qui \u00e9tait alors joueur, central plus pr\u00e9cis\u00e9ment, a vite trouv\u00e9 ses rep\u00e8res. Sportifs bien s\u00fbr, mais \u00e9galement familiaux. Et, comme cela arrive souvent avec les anciens joueurs de l\u2019Arago, l\u2019histoire avec S\u00e8te a connu des prolongations. Jusqu\u2019\u00e0 cette saison 2024-2025 o\u00f9, apr\u00e8s avoir \u00e9t\u00e9 adjoint de Luc Marquet pendant \u2013 presque \u2013 trois ans (en plus de ses fonctions d\u2019entra\u00eeneur du Centre de formation), l\u2019Autunois de naissance s\u2019est vu confier les r\u00eanes de l\u2019\u00e9quipe professionnelle en cours d\u2019exercice.<\/p>\n<p>Objectif remont\u00e9e en Marmara SpikeLigue<\/p>\n<p>Sa derni\u00e8re mission pour le club du Barrou. Le Rennes EC lui ayant propos\u00e9 de lui confier les cl\u00e9s de son \u00e9quipe de Ligue B, le technicien n\u2019a pas longtemps h\u00e9sit\u00e9. \u00ab\u00a0C\u2019est un beau challenge qui se pr\u00e9sente \u00e0 moi. Le projet sportif me convient parfaitement, on a une \u00e9quipe jeune et c\u2019est dans la lign\u00e9e de ce que j\u2019ai fait \u00e0 S\u00e8te ces derni\u00e8res ann\u00e9es. L\u2019objectif est de remonter en Marmara SpikeLigue en trois ans. Je vais avoir une saison pour savoir sur qui je peux compter pour une mont\u00e9e. Le REC fait partie des clubs embl\u00e9matiques du volley fran\u00e7ais, j\u2019ai donc une belle pression\u00a0!\u00a0\u00bb<\/p>\n<p>Un projet familial<\/p>\n<p>Excit\u00e9 \u00e0 l\u2019id\u00e9e de relever le challenge, Fred Gibert ne quittera cependant pas S\u00e8te sans une pointe de nostalgie. Forc\u00e9ment. \u00ab\u00a0C\u2019est un peu \u00e9trange\u2026 Apr\u00e8s presque vingt ans pass\u00e9s \u00e0 l\u2019Arago, c\u2019est une grande page qui se tourne. Ici, j\u2019ai \u00e9t\u00e9 joueur professionnel, joueur de Nationale 3, entra\u00eeneur du Centre de formation, un peu entra\u00eeneur des pros, statisticien\u2026 J\u2019ai m\u00eame pass\u00e9 le balai\u00a0! Pour moi comme pour Charlotte, \u00e7a fait bizarre. Mais on est pr\u00eats pour ce projet rafra\u00eechissant, dans tous les sens du terme\u00a0!\u00a0\u00bb<\/p>\n<p>La suite est en effet familiale. Charlotte Sanitas Gibert, pierre angulaire du fonctionnement du club depuis plus de vingt ans, occupera en effet les m\u00eames fonctions \u00e0 Rennes. \u00ab\u00a0Tout cela n\u2019\u00e9tait pas vraiment pr\u00e9vu pour 2026, mais la vie est ainsi faite\u00a0\u00bb, poursuit l\u2019entra\u00eeneur. \u00ab\u00a0Malgr\u00e9 tout, c\u2019\u00e9tait un probl\u00e8me dans ma jeune carri\u00e8re d\u2019entra\u00eeneur d\u2019avoir mon \u00e9pouse dans le m\u00eame club. Mais l\u00e0, pour le coup, les plan\u00e8tes se sont parfaitement align\u00e9es. Et puis, on part d\u2019ici avec un cadeau de 14 ans originaire de S\u00e8te, notre fils Maxence.\u00a0\u00bb<\/p>\n<p>Des retrouvailles bient\u00f4t au Barrou\u00a0?<\/p>\n<p>L\u2019histoire se poursuivra donc en Bretagne, \u00ab\u00a0une r\u00e9gion qui m\u2019a toujours attir\u00e9\u00a0\u00bb, mais Fred Gibert gardera forc\u00e9ment un \u0153il bienveillant sur l\u2019Arago. \u00ab\u00a0Je regrette quand m\u00eame de ne pas avoir pu voir le Barrou termin\u00e9. Je leur souhaite sinc\u00e8rement de vite retrouver des conditions de travail dignes de ce niveau. Toutes les contraintes li\u00e9es aux travaux du gymnase nous ont, sans aucun doute, emp\u00each\u00e9s de performer. On a \u00e9t\u00e9 vice-champions de France Espoirs avec le CFC, mais je suis s\u00fbr qu\u2019on pouvait faire mieux.\u00a0\u00bb<\/p>\n<p>Reste \u00e0 savoir quand les routes de Fred Gibert et de l\u2019Arago se croiseront \u00e0 nouveau. Cela pourrait arriver plus vite que pr\u00e9vu, si l\u2019on s\u2019en tient \u00e0 une certaine constante dans sa carri\u00e8re. Quand il a quitt\u00e9 Bordeaux en 1998, son premier match de championnat avec Nice l\u2019a oppos\u00e9 \u00e0 son ancien club. M\u00eame chose avec Tours, en 2000, quand il a quitt\u00e9 Nice. Et en 2005, alors qu\u2019il venait de rejoindre Cannes, c\u2019est face \u00e0 Tours, ben s\u00fbr, qu\u2019il a disput\u00e9 la Super Coupe pour ouvrir la saison. On attend donc le tirage de la Coupe de France 2026 avec impatience\u00a0!<\/p>\n","protected":false},"excerpt":{"rendered":"L\u2019entra\u00eeneur s\u2019est engag\u00e9 avec Rennes, apr\u00e8s dix-neuf saisons pass\u00e9es \u00e0 S\u00e8te. Il a d\u00e9barqu\u00e9, de Cannes, en \u00cele&hellip;\n","protected":false},"author":2,"featured_media":243415,"comment_status":"","ping_status":"","sticky":false,"template":"","format":"standard","meta":{"footnotes":""},"categories":[1417],"tags":[1011,27,60,1470,1469],"class_list":{"0":"post-243414","1":"post","2":"type-post","3":"status-publish","4":"format-standard","5":"has-post-thumbnail","7":"category-volley","8":"tag-fr","9":"tag-france","10":"tag-sports","11":"tag-volley","12":"tag-volleyball"},"share_on_mastodon":{"url":"https:\/\/pubeurope.com\/@fr\/114836735502604806","error":""},"_links":{"self":[{"href":"https:\/\/www.europesays.com\/fr\/wp-json\/wp\/v2\/posts\/243414","targetHints":{"allow":["GET"]}}],"collection":[{"href":"https:\/\/www.europesays.com\/fr\/wp-json\/wp\/v2\/posts"}],"about":[{"href":"https:\/\/www.europesays.com\/fr\/wp-json\/wp\/v2\/types\/post"}],"author":[{"embeddable":true,"href":"https:\/\/www.europesays.com\/fr\/wp-json\/wp\/v2\/users\/2"}],"replies":[{"embeddable":true,"href":"https:\/\/www.europesays.com\/fr\/wp-json\/wp\/v2\/comments?post=243414"}],"version-history":[{"count":0,"href":"https:\/\/www.europesays.com\/fr\/wp-json\/wp\/v2\/posts\/243414\/revisions"}],"wp:featuredmedia":[{"embeddable":true,"href":"https:\/\/www.europesays.com\/fr\/wp-json\/wp\/v2\/media\/243415"}],"wp:attachment":[{"href":"https:\/\/www.europesays.com\/fr\/wp-json\/wp\/v2\/media?parent=243414"}],"wp:term":[{"taxonomy":"category","embeddable":true,"href":"https:\/\/www.europesays.com\/fr\/wp-json\/wp\/v2\/categories?post=243414"},{"taxonomy":"post_tag","embeddable":true,"href":"https:\/\/www.europesays.com\/fr\/wp-json\/wp\/v2\/tags?post=243414"}],"curies":[{"name":"wp","href":"https:\/\/api.w.org\/{rel}","templated":true}]}}