{"id":243416,"date":"2025-07-11T21:31:10","date_gmt":"2025-07-11T21:31:10","guid":{"rendered":"https:\/\/www.europesays.com\/fr\/243416\/"},"modified":"2025-07-11T21:31:10","modified_gmt":"2025-07-11T21:31:10","slug":"la-reeducation-se-poursuit-pour-antoine-dupont-avant-la-reprise-du-top-14-en-septembre","status":"publish","type":"post","link":"https:\/\/www.europesays.com\/fr\/243416\/","title":{"rendered":"la r\u00e9\u00e9ducation se poursuit pour Antoine Dupont avant la reprise du Top 14 en septembre"},"content":{"rendered":"<p>Le demi de m\u00eal\u00e9e toulousain a partag\u00e9 sur ses r\u00e9seaux sociaux quelques images de sa r\u00e9\u00e9ducation qu\u2019il poursuit de l\u2019autre c\u00f4t\u00e9 des Alpes, en Suisse.<\/p>\n<p class=\"fig-paragraph\">Depuis le 8 mars dernier et sa rupture des ligaments crois\u00e9s subie lors du dernier match du Tournoi des Six Nations face \u00e0 l\u2019Irlande, le demi de m\u00eal\u00e9e du Stade Toulousain et des Bleus\u00a0<a href=\"http:\/\/www.lefigaro.fr\/sports\/rugby\/top-14\/rien-de-tres-amusant-en-ce-moment-antoine-dupont-donne-de-ses-nouvelles-20250620\" data-fig-type=\"NewsFlash\" data-gtm-custom-categorie=\"navigation\" data-gtm-custom-action=\"crossclick\" data-gtm-custom-label=\"Contextuel\" data-gtm-event=\"customEventSPE\" data-fig-domain=\"LEFIGARO\" rel=\"nofollow noopener\" target=\"_blank\">Antoine Dupont<\/a>\u00a0est engag\u00e9 dans une course contre la montre pour retrouver les terrains de rugby.<\/p>\n<p class=\"fig-paragraph\">Ce vendredi, le joueur de 28 ans a partag\u00e9 quelques clich\u00e9s de sa r\u00e9\u00e9ducation qu\u2019il poursuit en Suisse dans un \u00e9tablissement sp\u00e9cialis\u00e9 dans la m\u00e9decine du sport. On le voit r\u00e9aliser quelques exercices physiques, de la natation, le tout en tenue de sport et m\u00eame&#8230; Avec le maillot du\u00a0<a href=\"http:\/\/www.lefigaro.fr\/sports\/football\/coupe-du-monde\/psg-real-madrid-irresistible-la-machine-infernale-parisienne-a-encore-frappe-20250710\" data-fig-type=\"NewsFlash\" data-gtm-custom-categorie=\"navigation\" data-gtm-custom-action=\"crossclick\" data-gtm-custom-label=\"Contextuel\" data-gtm-event=\"customEventSPE\" data-fig-domain=\"LEFIGARO\" rel=\"nofollow noopener\" target=\"_blank\">Real Madrid<\/a>.<\/p>\n<p>                                    <a class=\"fig-a11y-skip a11y-hidden\" href=\"#fig-a11y-skip-main-inarticle\"><br \/>\n        Passer la publicit\u00e9<br \/>\n    <\/a><\/p>\n<p class=\"fig-paragraph\">\u00abPendant deux semaines, il a suivi un programme structur\u00e9 et intensif, con\u00e7u pour l\u2019accompagner vers un retour optimal sur le terrain\u00bb, indique l\u2019\u00e9tablissement de sant\u00e9 sur ses r\u00e9seaux sociaux ce vendredi soir. \u00c0 noter que la reprise du Top 14 est pr\u00e9vue\u00a0<a href=\"http:\/\/www.lefigaro.fr\/sports\/rugby\/top-14\/top-14-toulouse-etrennera-son-titre-de-champion-de-france-a-clermont-pour-lancer-la-saison-2025-2026-20250710\" data-fig-type=\"NewsFlash\" data-gtm-custom-categorie=\"navigation\" data-gtm-custom-action=\"crossclick\" data-gtm-custom-label=\"Contextuel\" data-gtm-event=\"customEventSPE\" data-fig-domain=\"LEFIGARO\" rel=\"nofollow noopener\" target=\"_blank\">le week-end des 6 et 7 septembre prochains<\/a>. Le Champion de France toulousain affrontera Clermont.<\/p>\n","protected":false},"excerpt":{"rendered":"Le demi de m\u00eal\u00e9e toulousain a partag\u00e9 sur ses r\u00e9seaux sociaux quelques images de sa r\u00e9\u00e9ducation qu\u2019il poursuit&hellip;\n","protected":false},"author":2,"featured_media":243417,"comment_status":"","ping_status":"","sticky":false,"template":"","format":"standard","meta":{"footnotes":""},"categories":[1416],"tags":[514,1011,27,479,1468,60,476,478],"class_list":{"0":"post-243416","1":"post","2":"type-post","3":"status-publish","4":"format-standard","5":"has-post-thumbnail","7":"category-rugby","8":"tag-antoine-dupont","9":"tag-fr","10":"tag-france","11":"tag-rugby","12":"tag-rugby-football","13":"tag-sports","14":"tag-stade-toulousain","15":"tag-top-14"},"share_on_mastodon":{"url":"https:\/\/pubeurope.com\/@fr\/114836739400623957","error":""},"_links":{"self":[{"href":"https:\/\/www.europesays.com\/fr\/wp-json\/wp\/v2\/posts\/243416","targetHints":{"allow":["GET"]}}],"collection":[{"href":"https:\/\/www.europesays.com\/fr\/wp-json\/wp\/v2\/posts"}],"about":[{"href":"https:\/\/www.europesays.com\/fr\/wp-json\/wp\/v2\/types\/post"}],"author":[{"embeddable":true,"href":"https:\/\/www.europesays.com\/fr\/wp-json\/wp\/v2\/users\/2"}],"replies":[{"embeddable":true,"href":"https:\/\/www.europesays.com\/fr\/wp-json\/wp\/v2\/comments?post=243416"}],"version-history":[{"count":0,"href":"https:\/\/www.europesays.com\/fr\/wp-json\/wp\/v2\/posts\/243416\/revisions"}],"wp:featuredmedia":[{"embeddable":true,"href":"https:\/\/www.europesays.com\/fr\/wp-json\/wp\/v2\/media\/243417"}],"wp:attachment":[{"href":"https:\/\/www.europesays.com\/fr\/wp-json\/wp\/v2\/media?parent=243416"}],"wp:term":[{"taxonomy":"category","embeddable":true,"href":"https:\/\/www.europesays.com\/fr\/wp-json\/wp\/v2\/categories?post=243416"},{"taxonomy":"post_tag","embeddable":true,"href":"https:\/\/www.europesays.com\/fr\/wp-json\/wp\/v2\/tags?post=243416"}],"curies":[{"name":"wp","href":"https:\/\/api.w.org\/{rel}","templated":true}]}}