{"id":243420,"date":"2025-07-11T21:34:12","date_gmt":"2025-07-11T21:34:12","guid":{"rendered":"https:\/\/www.europesays.com\/fr\/243420\/"},"modified":"2025-07-11T21:34:12","modified_gmt":"2025-07-11T21:34:12","slug":"motogp-allemagne-j1-alex-rins-yamaha-19-en-enfer-au-sachsenring-la-journee-la-plus-difficile-de-lannee","status":"publish","type":"post","link":"https:\/\/www.europesays.com\/fr\/243420\/","title":{"rendered":"MotoGP, Allemagne J1, Alex Rins (Yamaha\/19) en enfer au Sachsenring : \u00ab\u00a0la journ\u00e9e la plus difficile de l\u2019ann\u00e9e\u00a0\u00bb"},"content":{"rendered":"<p><strong>Rares sont les journ\u00e9es o\u00f9 Alex Rins se montre aussi<br \/>\nd\u00e9pit\u00e9. Au Sachsenring, l\u2019Espagnol a v\u00e9cu son vendredi le plus<br \/>\nsombre de la saison, incapable de trouver l\u2019adh\u00e9rence et contraint<br \/>\n\u00e0 bricoler avec une moto inadapt\u00e9e.<\/strong><\/p>\n<p>\u00ab \u00c7a faisait longtemps que je n\u2019avais pas v\u00e9cu une journ\u00e9e<br \/>\ncomme \u00e7a, \u00bb l\u00e2chait <strong>Rins<\/strong>, visiblement marqu\u00e9.<br \/>\nMalgr\u00e9 tous ses efforts et des changements incessants sur la moto,<br \/>\nrien n\u2019y a fait : \u00ab je glissais dans les virages, je n\u2019arrivais<br \/>\npas \u00e0 arr\u00eater la moto. On a essay\u00e9 des choses, mais aucune<br \/>\ndiff\u00e9rence. <strong>Je ne peux m\u00eame pas expliquer<br \/>\npourquoi<\/strong>. \u00bb<\/p>\n<p>Sa journ\u00e9e a vir\u00e9 au cauchemar lorsqu\u2019une fuite d\u2019huile a \u00e9t\u00e9<br \/>\nd\u00e9tect\u00e9e sur sa deuxi\u00e8me moto, celle cens\u00e9e \u00eatre configur\u00e9e pour la<br \/>\npiste s\u00e8che.<\/p>\n<p><img loading=\"lazy\" decoding=\"async\" class=\"aligncenter size-full wp-image-1308442\" src=\"https:\/\/www.europesays.com\/fr\/wp-content\/uploads\/2025\/07\/Rins.jpg\" alt=\"Alex Rins \" width=\"760\" height=\"441\"  \/><\/p>\n<p><strong>Alex Rins\u00a0:<br \/>\n\u00ab\u00a0ils ont d\u00e9couvert que le sabot moteur \u00e9tait rempli<br \/>\nd\u2019huile\u00a0\u00bb<\/strong><\/p>\n<p>Contraint de passer sur la premi\u00e8re machine, r\u00e9gl\u00e9e pour le<br \/>\nmouill\u00e9, il a d\u00fb composer avec un compromis bancal. \u00ab Avant de<br \/>\nmonter le pneu tendre pour le chrono, ils ont d\u00e9couvert que le<br \/>\nsabot moteur \u00e9tait rempli d\u2019huile. On a d\u00fb utiliser la premi\u00e8re<br \/>\nmoto. <strong>\u00c7a nous a fait perdre du temps et la sensation \u00e9tait<br \/>\ntr\u00e8s diff\u00e9rente<\/strong>. \u00bb<\/p>\n<p>M\u00eame la t\u00e9l\u00e9m\u00e9trie n\u2019a pas \u00e9clair\u00e9 le myst\u00e8re.<br \/>\n<strong>Rins<\/strong> y a vu un \u00e9norme \u00e9cart dans le d\u00e9battement de<br \/>\nla suspension arri\u00e8re, sans pouvoir en identifier la cause. \u00ab<br \/>\n<strong>Ni moi, ni le box ne savons vraiment ce qui s\u2019est<br \/>\npass\u00e9<\/strong>. \u00bb<\/p>\n<p>Loin de baisser les bras, le pilote <a href=\"https:\/\/www.paddock-gp.com\/motogp-allemagne-j1-fabio-quartararo-yamaha-4-souffle-le-froid-nous-sommes-encore-loin-du-compte\/\" rel=\"nofollow noopener\" target=\"_blank\"><br \/>\n<strong>Yamaha<\/strong><\/a> essaie pourtant de relativiser : \u00ab<br \/>\nsi on est n\u00e9gatif, <strong>c\u2019est une journ\u00e9e perdue<\/strong>.<br \/>\nSi on est positif, demain sera une opportunit\u00e9. Mais aujourd\u2019hui,<br \/>\nc\u2019\u00e9tait <strong>la journ\u00e9e la plus difficile de<br \/>\nl\u2019ann\u00e9e<\/strong>. \u00bb<\/p>\n<p>\u00c0 la veille des qualifications, <strong>Rins<\/strong> et son<br \/>\n\u00e9quipe savent qu\u2019il leur faudra repartir de z\u00e9ro. Une n\u00e9cessit\u00e9,<br \/>\ns\u2019ils veulent sauver <a href=\"https:\/\/www.paddock-gp.com\/motogp-allemagne-practice-live-2\/\" rel=\"nofollow noopener\" target=\"_blank\"><strong><br \/>\nleur week-end allemand<\/strong><\/a>.<\/p>\n<p><img loading=\"lazy\" decoding=\"async\" class=\"aligncenter size-full wp-image-1308448\" src=\"https:\/\/www.europesays.com\/fr\/wp-content\/uploads\/2025\/07\/Rins-Alex.jpg\" alt=\"Alex Rins \" width=\"687\" height=\"411\"  \/><\/p>\n<p><strong><a href=\"https:\/\/www.motogp.com\/en\" rel=\"nofollow noopener\" target=\"_blank\">MotoGP<\/a>,<br \/>\nAllemagne J1 : chronos<\/strong><\/p>\n<p><img decoding=\"async\" class=\"aligncenter\" src=\"https:\/\/www.europesays.com\/fr\/wp-content\/uploads\/2025\/07\/56875685.jpg\" alt=\"1212\"\/><\/p>\n<p>\u00a0<\/p>\n<p>\u00a0<\/p>\n<p>\u00a0<\/p>\n<p>\u00a0<\/p>\n<p>\u00a0<\/p>\n","protected":false},"excerpt":{"rendered":"Rares sont les journ\u00e9es o\u00f9 Alex Rins se montre aussi d\u00e9pit\u00e9. Au Sachsenring, l\u2019Espagnol a v\u00e9cu son vendredi&hellip;\n","protected":false},"author":2,"featured_media":243421,"comment_status":"","ping_status":"","sticky":false,"template":"","format":"standard","meta":{"footnotes":""},"categories":[1413],"tags":[1011,27,1457,1456,60],"class_list":{"0":"post-243420","1":"post","2":"type-post","3":"status-publish","4":"format-standard","5":"has-post-thumbnail","7":"category-moto","8":"tag-fr","9":"tag-france","10":"tag-moto","11":"tag-motocycle","12":"tag-sports"},"share_on_mastodon":{"url":"https:\/\/pubeurope.com\/@fr\/114836751373760558","error":""},"_links":{"self":[{"href":"https:\/\/www.europesays.com\/fr\/wp-json\/wp\/v2\/posts\/243420","targetHints":{"allow":["GET"]}}],"collection":[{"href":"https:\/\/www.europesays.com\/fr\/wp-json\/wp\/v2\/posts"}],"about":[{"href":"https:\/\/www.europesays.com\/fr\/wp-json\/wp\/v2\/types\/post"}],"author":[{"embeddable":true,"href":"https:\/\/www.europesays.com\/fr\/wp-json\/wp\/v2\/users\/2"}],"replies":[{"embeddable":true,"href":"https:\/\/www.europesays.com\/fr\/wp-json\/wp\/v2\/comments?post=243420"}],"version-history":[{"count":0,"href":"https:\/\/www.europesays.com\/fr\/wp-json\/wp\/v2\/posts\/243420\/revisions"}],"wp:featuredmedia":[{"embeddable":true,"href":"https:\/\/www.europesays.com\/fr\/wp-json\/wp\/v2\/media\/243421"}],"wp:attachment":[{"href":"https:\/\/www.europesays.com\/fr\/wp-json\/wp\/v2\/media?parent=243420"}],"wp:term":[{"taxonomy":"category","embeddable":true,"href":"https:\/\/www.europesays.com\/fr\/wp-json\/wp\/v2\/categories?post=243420"},{"taxonomy":"post_tag","embeddable":true,"href":"https:\/\/www.europesays.com\/fr\/wp-json\/wp\/v2\/tags?post=243420"}],"curies":[{"name":"wp","href":"https:\/\/api.w.org\/{rel}","templated":true}]}}