{"id":243427,"date":"2025-07-11T21:38:14","date_gmt":"2025-07-11T21:38:14","guid":{"rendered":"https:\/\/www.europesays.com\/fr\/243427\/"},"modified":"2025-07-11T21:38:14","modified_gmt":"2025-07-11T21:38:14","slug":"m-pokora-dans-une-nouvelle-fiction-sur-tf1-associations-historiques-et-familles-des-martyrs-montent-au-creneau-le-projet-en-peril","status":"publish","type":"post","link":"https:\/\/www.europesays.com\/fr\/243427\/","title":{"rendered":"M. Pokora dans une nouvelle fiction sur TF1 : associations historiques et familles des Martyrs montent au cr\u00e9neau, le projet en p\u00e9ril ?"},"content":{"rendered":"<p>Un projet qui fait vivement r\u00e9agir avant m\u00eame sa diffusion. Et malheureusement pas qu\u2019en bien. Il y a quelques semaines, lors de la conf\u00e9rence de presse de rentr\u00e9e du groupe TF1, la cha\u00eene a annonc\u00e9 la diffusion prochaine du t\u00e9l\u00e9film <strong>\u00ab\u00a0Oradour, ne m\u2019oublie pas\u00a0\u00bb<\/strong>, dans lequel <a href=\"https:\/\/www.public.fr\/tag\/m-pokora\" target=\"_blank\" rel=\"noopener\">M. Pokora<\/a> tiendra le premier r\u00f4le.<\/p>\n<p>Un nouveau t\u00e9l\u00e9film qui, comme son titre l\u2019indique en partie, reviendra sur le massacre d\u2019Oradour sur 10 juin 1944. Un village situ\u00e9 \u00e0 20 kilom\u00e8tres de Limoges compl\u00e8tement d\u00e9truit par les nazis.<\/p>\n<p>643 habitants ont perdu la vie, ex\u00e9cut\u00e9s par les Waffen-SS. Parmi les habitants, seules six personnes ont surv\u00e9cu. Il s\u2019agit, \u00e0 l\u2019heure actuelle du plus grand massacre de civils commis en France par l&rsquo;arm\u00e9e allemande comme le rappelle BFMTV.\u00a0<\/p>\n<p>Un nouveau r\u00f4le pour M. Pokora<\/p>\n<p>Le t\u00e9l\u00e9film <strong>\u00ab\u00a0Oradour, ne m\u2019oublie pas\u00a0\u00bb<\/strong> avec M. Pokora reviendra donc sur ce massacre. <a href=\"https:\/\/www.public.fr\/christina-millian-et-m-pokora-toujours-l-amour-fou\" target=\"_blank\" rel=\"noopener\">Le compagnon de Christina Millian<\/a> va interpr\u00e9ter <strong>un officier des Forces Fran\u00e7aises Libres<\/strong>, parachut\u00e9 pr\u00e8s de la commune situ\u00e9e dans le d\u00e9partement de la Haute-Vienne.\u00a0<\/p>\n<p>Au cours de sa mission, le personnage incarn\u00e9 par <a href=\"https:\/\/vsd.fr\/tag\/m-pokora\/\" target=\"_blank\" rel=\"noopener\">le chanteur de 39 ans<\/a> va retrouver\u00a0\u00ab\u00a0son amour de jeunesse, qui fuit donc avec sa fille un mari violent. Tandis que le pass\u00e9 refait surface, leurs destins se m\u00ealent au drame historique d\u2019Oradour-sur-Glane\u00a0\u00bb, comme l\u2019indique le dossier de presse relay\u00e9 par le Parisien.<\/p>\n<p>Le projet suscite de vives inqui\u00e9tudes chez les associations historiques locales<\/p>\n<p>Alors que ce t\u00e9l\u00e9film n\u2019a pas encore de date de diffusion, celui-ci fait l\u2019objet de <a href=\"https:\/\/www.public.fr\/un-sketch-m-pokora-decroche-le-premier-role-dans-oradour-ne-moublie-pas-sur-tf1-la-fiction-et-le-chanteur-deja-dezingues\" target=\"_blank\" rel=\"noopener\">nombreuses critiques de la part de certains confr\u00e8res<\/a> tel que Lib\u00e9ration. De plus, BFMTV annonce, ce vendredi 11 juillet 2025, que l<strong>es associations historiques locales viennent de prendre la parole<\/strong> pour faire part de leur inqui\u00e9tude concernant le projet.<\/p>\n<p>Celles-ci ne remettent pas en cause \u00ab\u00a0la figure de M. Pokora\u00a0\u00bb. N\u00e9anmoins, d\u2019autres \u00e9l\u00e9ments les inqui\u00e8tent. \u00ab\u00a0Habituellement, nous sommes inform\u00e9s de ce type de projet en amont, mais cette fois, et c&rsquo;est suffisamment rare pour \u00eatre soulign\u00e9, nous l&rsquo;avons d\u00e9couvert dans la presse. Nous ne sommes pas oppos\u00e9s aux fictions, mais <strong>nous ne souhaitons pas que l&rsquo;histoire de la commune soit romanc\u00e9e<\/strong>\u00ab\u00a0, d\u00e9nonce dans un premier temps Fabrice Escure, Pr\u00e9sident du centre de la M\u00e9moire d\u2019Oradour-sur-Glane.<\/p>\n<p>Avant de pr\u00e9ciser : \u00ab\u00a0Nous restons extr\u00eamement attach\u00e9s \u00e0 la v\u00e9racit\u00e9 des faits. <strong>En aucun cas, il y a un scepticisme sur la figure de Matt Pokora<\/strong>, uniquement sur la gen\u00e8se du projet\u00a0\u00bb. Face \u00e0 la situation, la production a d\u00e9cid\u00e9 d\u2019agir.<\/p>\n<p>En effet, nos confr\u00e8res de BFMTV indique que celle-ci a pris contact avec les repr\u00e9sentants du massacre pour programmer un rendez-vous. Pour le moment, TF1 n&rsquo;a annonc\u00e9 aucune date de diffusion.<\/p>\n<p>      Mentionn\u00e9s dans cet article<\/p>\n<p>\u00c0 lire aussi<\/p>\n","protected":false},"excerpt":{"rendered":"Un projet qui fait vivement r\u00e9agir avant m\u00eame sa diffusion. Et malheureusement pas qu\u2019en bien. Il y a&hellip;\n","protected":false},"author":2,"featured_media":243428,"comment_status":"","ping_status":"","sticky":false,"template":"","format":"standard","meta":{"footnotes":""},"categories":[1359],"tags":[37239,58,59,1011,27,10824,973,12809,199],"class_list":{"0":"post-243427","1":"post","2":"type-post","3":"status-publish","4":"format-standard","5":"has-post-thumbnail","7":"category-people","8":"tag-christina-milian","9":"tag-divertissement","10":"tag-entertainment","11":"tag-fr","12":"tag-france","13":"tag-m-pokora","14":"tag-people","15":"tag-telefilm","16":"tag-tf1"},"share_on_mastodon":{"url":"https:\/\/pubeurope.com\/@fr\/114836766938005471","error":""},"_links":{"self":[{"href":"https:\/\/www.europesays.com\/fr\/wp-json\/wp\/v2\/posts\/243427","targetHints":{"allow":["GET"]}}],"collection":[{"href":"https:\/\/www.europesays.com\/fr\/wp-json\/wp\/v2\/posts"}],"about":[{"href":"https:\/\/www.europesays.com\/fr\/wp-json\/wp\/v2\/types\/post"}],"author":[{"embeddable":true,"href":"https:\/\/www.europesays.com\/fr\/wp-json\/wp\/v2\/users\/2"}],"replies":[{"embeddable":true,"href":"https:\/\/www.europesays.com\/fr\/wp-json\/wp\/v2\/comments?post=243427"}],"version-history":[{"count":0,"href":"https:\/\/www.europesays.com\/fr\/wp-json\/wp\/v2\/posts\/243427\/revisions"}],"wp:featuredmedia":[{"embeddable":true,"href":"https:\/\/www.europesays.com\/fr\/wp-json\/wp\/v2\/media\/243428"}],"wp:attachment":[{"href":"https:\/\/www.europesays.com\/fr\/wp-json\/wp\/v2\/media?parent=243427"}],"wp:term":[{"taxonomy":"category","embeddable":true,"href":"https:\/\/www.europesays.com\/fr\/wp-json\/wp\/v2\/categories?post=243427"},{"taxonomy":"post_tag","embeddable":true,"href":"https:\/\/www.europesays.com\/fr\/wp-json\/wp\/v2\/tags?post=243427"}],"curies":[{"name":"wp","href":"https:\/\/api.w.org\/{rel}","templated":true}]}}