{"id":243429,"date":"2025-07-11T21:39:17","date_gmt":"2025-07-11T21:39:17","guid":{"rendered":"https:\/\/www.europesays.com\/fr\/243429\/"},"modified":"2025-07-11T21:39:17","modified_gmt":"2025-07-11T21:39:17","slug":"montbron-des-photos-portraits-de-sans-abri-a-decouvrir-tout-lete-a-la-mediatheque-et-au-bar-le-sonneur","status":"publish","type":"post","link":"https:\/\/www.europesays.com\/fr\/243429\/","title":{"rendered":"Montbron\u00a0: des photos portraits de sans-abri \u00e0 d\u00e9couvrir tout l\u2019\u00e9t\u00e9 \u00e0 la m\u00e9diath\u00e8que et au bar Le Sonneur"},"content":{"rendered":"<p>Vingt photos portraits d\u2019hommes et de femmes (10 sur chaque lieu d\u2019exposition) qui vivent dans la rue \u00e0 Bordeaux&#8230;<\/p>\n<p>Vingt photos portraits d\u2019hommes et de femmes (10 sur chaque lieu d\u2019exposition) qui vivent dans la rue \u00e0 Bordeaux et avec qui le photographe a tiss\u00e9 d\u2019\u00e9troits liens d\u2019amiti\u00e9. De quoi attirer l\u2019attention de la pr\u00e9sidente de l\u2019association \u00ab\u00a0Tardoria\u00a0\u00bb Sandrine Costa, elle aussi d\u2019origine bordelaise, qui lui a donc propos\u00e9 d\u2019exposer ses clich\u00e9s \u00e0 Montbron.<\/p>\n<blockquote><p>\u00ab Rendre poreuses les barri\u00e8res entre deux mondes qui ne prennent pas souvent le temps de se c\u00f4toyer. \u00bb<\/p><\/blockquote>\n<p class=\"interview-question\">Pouvez-vous nous pr\u00e9senter \u00ab\u00a0M\u00e9moires d\u2019oubli\u00e9s\u00a0\u00bb\u00a0?<\/p>\n<p class=\"interview-answer\"><strong>Ken Wong-Youk-Hong.<\/strong> C\u2019est une partie d\u2019un travail que je m\u00e8ne depuis plus de 13\u00a0ans. Il s\u2019agit de mettre en lumi\u00e8re des amis \u00e0 moi qui vivent dans la rue. Ce sont des portraits r\u00e9alis\u00e9s depuis 2013 avec des personnes qui me sont proches\u00a0sur Bordeaux et qui sont encore \u00e0 la rue aujourd\u2019hui, ou qui en sont sortis.<\/p>\n<p class=\"interview-question\">Quel est l\u2019objectif de cette exposition\u00a0?<\/p>\n<p class=\"interview-answer\">C\u2019est de permettre \u00e0 la femme et l\u2019homme de dedans\u00a0de se rendre compte que la femme et l\u2019homme de dehors, ce sont exactement les m\u00eames personnes. Rendre poreuses les barri\u00e8res entre deux mondes qui ne prennent pas souvent le temps de se c\u00f4toyer. Et permettre donc aux gens de dedans de pouvoir avoir une premi\u00e8re approche\u00a0des \u00e2mes incroyables que j\u2019ai eu l\u2019occasion de rencontrer.<\/p>\n<p class=\"interview-question\">\u00c0 chaque fois, il y a une photo et en dessous un po\u00e8me qui est associ\u00e9\u00a0?<\/p>\n<p class=\"interview-answer\">Tout \u00e0 fait. Ce sont des textes que j\u2019ai r\u00e9dig\u00e9s en prenant comme base les \u00e9changes que j\u2019ai eus avec mes amis de la rue. Je le transforme en texte ou en po\u00e8me en cherchant une musicalit\u00e9 \u00e0 la fois\u00a0du texte qui se rapproche de la musicalit\u00e9 des photos.<\/p>\n<p class=\"interview-question\">Que vous inspirent ces femmes et ces hommes\u00a0?<\/p>\n<p class=\"interview-answer\">Ils sont tous incroyables et racontent chacun leur propre histoire. J\u2019ai toujours eu un coup de c\u0153ur pour Aaron.\u00a0C\u2019est la jeune fille qui a un perroquet et un corbeau sur l\u2019\u00e9paule et qui poss\u00e8de trois chevaux. Elle a cette qualit\u00e9 de pouvoir parler aux animaux, les animaux la comprennent et c\u2019est juste magnifique.\u00a0C\u2019est une petite s\u0153ur pour moi que je suis attentivement depuis 2017.<\/p>\n<p class=\"interview-question\">Pouvez-vous nous en dire plus sur vous\u00a0?<\/p>\n<p class=\"interview-answer\">Je suis n\u00e9 en Guyane en 1978 d\u2019une m\u00e8re martiniquaise et d\u2019un p\u00e8re chinois. J\u2019ai grandi dans une banlieue populaire de Bordeaux. J\u2019ai d\u2019abord \u00e9t\u00e9 responsable d\u2019une boutique de pr\u00eat-\u00e0-porter haut de gamme du centre-ville, mais la passion de la photographie a \u00e9t\u00e9 la plus forte. Je suis surtout un homme engag\u00e9 dans les causes soci\u00e9tales. Je suis un photographe d\u2019intervention.<\/p>\n<p class=\"interview-question\">C\u2019est-\u00e0-dire\u00a0?<\/p>\n<p class=\"interview-answer\">C\u2019est le premier nom qu\u2019on donnait au photographe social. Le premier photographe d\u2019intervention, son nom \u00e9tait Riggs.\u00a0C\u2019est un photographe qui a habit\u00e9 \u00e0 New York et qui a commenc\u00e9 \u00e0 photographier la rue. C\u2019est le premier \u00e0 avoir utilis\u00e9 le flash en photographie pour pouvoir mettre en lumi\u00e8re\u00a0les d\u00e9munis et les laiss\u00e9s-pour-compte \u00e0 New York dans le quartier des Five Points.<\/p>\n<p class=\"interview-question\">Vous avez d\u2019autres projets\u00a0?<\/p>\n<p class=\"interview-answer\">Je travaille sur des th\u00e9matiques qui me sont donn\u00e9es sur des missions municipales, d\u00e9partementales, r\u00e9gionales ou nationales.\u00a0J\u2019ai trois th\u00e9matiques en particulier. Le sans-abrisme au travers de cette exposition \u00ab\u00a0M\u00e9moires d\u2019oubli\u00e9s\u00a0\u00bb, la place de la femme dans le sport en ext\u00e9rieur.\u00a0Et aussi le racisme au travers d\u2019un projet hybride avec une compagnie qui s\u2019appelle \u00ab\u00a0La compagnie du risque\u00a0\u00bb. C\u2019est \u00e0 la fois de la photographie et une pi\u00e8ce de th\u00e9\u00e2tre \u00e0 partir de rencontres, dont des proches de Martin Luther King, que j\u2019ai r\u00e9alis\u00e9es aux \u00c9tats-Unis quand j\u2019\u00e9tais en r\u00e9sidence.\u00a0On s\u2019adresse aux scolaires et on se d\u00e9place dans les \u00e9tablissements pour permettre aux \u00e9l\u00e8ves de pouvoir avoir une pens\u00e9e positive sur l\u2019autre.<\/p>\n<p class=\"interview-question\">On peut vous suivre comment\u00a0?<\/p>\n<p class=\"interview-answer\">Gr\u00e2ce \u00e0 ma page Facebook  <a href=\"https:\/\/www.facebook.com\/EchangePhotographique\" target=\"_blank\" rel=\"nofollow noopener\">\u00ab\u00a0L\u2019\u0153il de Ken\u00a0\u00bb<\/a>, o\u00f9 je publie toutes mes photos et qui m\u2019apporte une belle visibilit\u00e9.<a href=\"https:\/\/www.facebook.com\/EchangePhotographique\" target=\"_blank\" rel=\"nofollow noopener\"> <\/a>J\u2019ai d\u2019ailleurs d\u00e9j\u00e0 eu la chance d\u2019avoir des reportages sur France TV ou France Inter. Mais l\u2019important, ce n\u2019est pas moi. L\u2019important, c\u2019est que ceux que je photographie le deviennent.<\/p>\n<p>\u00ab\u00a0M\u00e9moires d\u2019oubli\u00e9s\u00a0\u00bb jusqu\u2019au 30\u00a0ao\u00fbt \u00e0 la m\u00e9diath\u00e8que du Minage du mardi au vendredi de 10 h \u00e0 12 h et de 14 h \u00e0 18 h et le samedi de 10 h \u00e0 12 h 30. Et au bar associatif \u00ab\u00a0Le Sonneur\u00a0\u00bb le vendredi et le samedi soir de 18 h 30 \u00e0 22 h 30.<\/p>\n","protected":false},"excerpt":{"rendered":"Vingt photos portraits d\u2019hommes et de femmes (10 sur chaque lieu d\u2019exposition) qui vivent dans la rue \u00e0&hellip;\n","protected":false},"author":2,"featured_media":243430,"comment_status":"","ping_status":"","sticky":false,"template":"","format":"standard","meta":{"footnotes":""},"categories":[1358],"tags":[1348,1384,1385,1386,58,59,1011,27],"class_list":{"0":"post-243429","1":"post","2":"type-post","3":"status-publish","4":"format-standard","5":"has-post-thumbnail","7":"category-arts-et-design","8":"tag-arts","9":"tag-arts-and-design","10":"tag-arts-et-design","11":"tag-design","12":"tag-divertissement","13":"tag-entertainment","14":"tag-fr","15":"tag-france"},"share_on_mastodon":{"url":"https:\/\/pubeurope.com\/@fr\/114836770885495452","error":""},"_links":{"self":[{"href":"https:\/\/www.europesays.com\/fr\/wp-json\/wp\/v2\/posts\/243429","targetHints":{"allow":["GET"]}}],"collection":[{"href":"https:\/\/www.europesays.com\/fr\/wp-json\/wp\/v2\/posts"}],"about":[{"href":"https:\/\/www.europesays.com\/fr\/wp-json\/wp\/v2\/types\/post"}],"author":[{"embeddable":true,"href":"https:\/\/www.europesays.com\/fr\/wp-json\/wp\/v2\/users\/2"}],"replies":[{"embeddable":true,"href":"https:\/\/www.europesays.com\/fr\/wp-json\/wp\/v2\/comments?post=243429"}],"version-history":[{"count":0,"href":"https:\/\/www.europesays.com\/fr\/wp-json\/wp\/v2\/posts\/243429\/revisions"}],"wp:featuredmedia":[{"embeddable":true,"href":"https:\/\/www.europesays.com\/fr\/wp-json\/wp\/v2\/media\/243430"}],"wp:attachment":[{"href":"https:\/\/www.europesays.com\/fr\/wp-json\/wp\/v2\/media?parent=243429"}],"wp:term":[{"taxonomy":"category","embeddable":true,"href":"https:\/\/www.europesays.com\/fr\/wp-json\/wp\/v2\/categories?post=243429"},{"taxonomy":"post_tag","embeddable":true,"href":"https:\/\/www.europesays.com\/fr\/wp-json\/wp\/v2\/tags?post=243429"}],"curies":[{"name":"wp","href":"https:\/\/api.w.org\/{rel}","templated":true}]}}