{"id":243431,"date":"2025-07-11T21:40:12","date_gmt":"2025-07-11T21:40:12","guid":{"rendered":"https:\/\/www.europesays.com\/fr\/243431\/"},"modified":"2025-07-11T21:40:12","modified_gmt":"2025-07-11T21:40:12","slug":"gallmeister-se-lance-dans-la-jeunesse","status":"publish","type":"post","link":"https:\/\/www.europesays.com\/fr\/243431\/","title":{"rendered":"Gallmeister se lance dans la Jeunesse"},"content":{"rendered":"<p>\n<a class=\"highslide\" onclick=\"return hs.expand(this,{wrapperClassName : &#039;highslide-white&#039;, spaceForCaption: 30,outlineType: &#039;rounded-white&#039;, captionId: &#039;caption3&#039;})\" href=\"https:\/\/www.elbakin.net\/plume\/xmedia\/fantasy\/news\/Edition\/gardiens-baguette-magique.jpg\" lang=\"FR\" title=\"Agrandir l&#039;image\" xml:lang=\"FR\" xml: rel=\"nofollow noopener\" target=\"_blank\"><img decoding=\"async\" class=\"px-right\" alt=\"1\" src=\"https:\/\/www.europesays.com\/fr\/wp-content\/uploads\/2025\/07\/gardiens-baguette-magique.jpg\" style=\"\" width=\"103px\" height=\"150px\" \/><\/a><br \/>\nLa maison fond\u00e9e en 2005 par Oliver Gallmeister lance deux nouvelles collections jeunesse.<br \/>La direction en a \u00e9t\u00e9 confi\u00e9e \u00e0 l&rsquo;\u00e9ditrice Barbara Bessat, qui a pr\u00e9c\u00e9demment travaill\u00e9 pour Bragelonne et Gallimard Jeunesse. \u00ab\u00a0Saga\u00a0\u00bb s&rsquo;adressera aux enfants d\u00e8s 8 ans et sera officiellement lanc\u00e9e en octobre 2025, tandis qu&rsquo;il faudra attendre le second semestre 2026 pour voir arriver \u00ab\u00a0Alaska\u00a0\u00bb, qui visera les jeunes de 15 ans et plus. Les premi\u00e8res publications annonc\u00e9es suivront la ligne historique de la maison d&rsquo;\u00e9dition, puisqu&rsquo;il s&rsquo;agira de textes d&rsquo;auteurs et autrices nord-am\u00e9ricains. Tiffany McDaniel, \u00e0 l&rsquo;origine du roman \u00e0 succ\u00e8s Betty, ouvrira le bal pour les plus jeunes avec un premier roman jeunesse, Les Gardiens de Baguette Magique, pr\u00e9sent\u00e9 comme le premier tome d&rsquo;une s\u00e9rie fantastique.<br \/>Les collections ne seront pas limit\u00e9es \u00e0 un genre particulier et l&rsquo;\u00e9quipe \u00e9ditoriale ne s&rsquo;interdit rien, selon Barbara Bessat.\n<\/p>\n<p>\n<a href=\"https:\/\/www.forum-elbakin.net\/viewtopic.php?p=521274#p521274\" target=\"blank\" rel=\"nofollow noopener\">Discuter de Gallmeister sur le forum<\/a>\n<\/p>\n<p><a target=\"blank\" href=\"https:\/\/www.livreshebdo.fr\/article\/gallmeister-met-le-cap-sur-la-jeunesse\" rel=\"nofollow noopener\">Source<\/a><\/p>\n<p><\/p>\n","protected":false},"excerpt":{"rendered":"La maison fond\u00e9e en 2005 par Oliver Gallmeister lance deux nouvelles collections jeunesse.La direction en a \u00e9t\u00e9 confi\u00e9e&hellip;\n","protected":false},"author":2,"featured_media":243432,"comment_status":"","ping_status":"","sticky":false,"template":"","format":"standard","meta":{"footnotes":""},"categories":[1357],"tags":[36796,38307,1379,10225,58,4660,59,1011,27,38306,4075,1380,10600,38308],"class_list":{"0":"post-243431","1":"post","2":"type-post","3":"status-publish","4":"format-standard","5":"has-post-thumbnail","7":"category-livres","8":"tag-alaska","9":"tag-barbara-bessat","10":"tag-books","11":"tag-collection","12":"tag-divertissement","13":"tag-edition","14":"tag-entertainment","15":"tag-fr","16":"tag-france","17":"tag-gallmeister","18":"tag-jeunesse","19":"tag-livres","20":"tag-saga","21":"tag-tiffany-mcdaniel"},"share_on_mastodon":{"url":"https:\/\/pubeurope.com\/@fr\/114836774791479060","error":""},"_links":{"self":[{"href":"https:\/\/www.europesays.com\/fr\/wp-json\/wp\/v2\/posts\/243431","targetHints":{"allow":["GET"]}}],"collection":[{"href":"https:\/\/www.europesays.com\/fr\/wp-json\/wp\/v2\/posts"}],"about":[{"href":"https:\/\/www.europesays.com\/fr\/wp-json\/wp\/v2\/types\/post"}],"author":[{"embeddable":true,"href":"https:\/\/www.europesays.com\/fr\/wp-json\/wp\/v2\/users\/2"}],"replies":[{"embeddable":true,"href":"https:\/\/www.europesays.com\/fr\/wp-json\/wp\/v2\/comments?post=243431"}],"version-history":[{"count":0,"href":"https:\/\/www.europesays.com\/fr\/wp-json\/wp\/v2\/posts\/243431\/revisions"}],"wp:featuredmedia":[{"embeddable":true,"href":"https:\/\/www.europesays.com\/fr\/wp-json\/wp\/v2\/media\/243432"}],"wp:attachment":[{"href":"https:\/\/www.europesays.com\/fr\/wp-json\/wp\/v2\/media?parent=243431"}],"wp:term":[{"taxonomy":"category","embeddable":true,"href":"https:\/\/www.europesays.com\/fr\/wp-json\/wp\/v2\/categories?post=243431"},{"taxonomy":"post_tag","embeddable":true,"href":"https:\/\/www.europesays.com\/fr\/wp-json\/wp\/v2\/tags?post=243431"}],"curies":[{"name":"wp","href":"https:\/\/api.w.org\/{rel}","templated":true}]}}