{"id":243433,"date":"2025-07-11T21:41:09","date_gmt":"2025-07-11T21:41:09","guid":{"rendered":"https:\/\/www.europesays.com\/fr\/243433\/"},"modified":"2025-07-11T21:41:09","modified_gmt":"2025-07-11T21:41:09","slug":"tmc-bouleverse-sa-grille-dete-faute-daudience","status":"publish","type":"post","link":"https:\/\/www.europesays.com\/fr\/243433\/","title":{"rendered":"TMC bouleverse sa grille d\u2019\u00e9t\u00e9 faute d\u2019audience"},"content":{"rendered":"<p>    Sous le soleil sur TMC<br \/>\n                Capture d&rsquo;\u00e9cran<\/p>\n<p>La cha\u00eene du groupe TF1 a vu le nombre de ses t\u00e9l\u00e9spectateurs baisser drastiquement ces derni\u00e8res semaines. Elle a donc d\u00e9cid\u00e9 de r\u00e9agir en supprimant Sous le soleil et Walker Texas Ranger au profit d\u2019autres programmes.<\/p>\n<p class=\"fig-paragraph\">L\u2019heure est aux bouleversements du c\u00f4t\u00e9 du groupe TF1. Apr\u00e8s la\u00a0<a href=\"http:\/\/tvmag.lefigaro.fr\/programme-tv\/actu-tele\/deprogrammation-de-derniere-minute-tf1-deloge-un-match-des-bleues-pour-faire-place-au-paris-saint-germain-20250710\" data-fig-type=\"Article\" data-gtm-custom-categorie=\"navigation\" data-gtm-custom-action=\"crossclick\" data-gtm-custom-label=\"Contextuel\" data-gtm-event=\"customEventSPE\" data-fig-domain=\"TVMAG\" rel=\"nofollow noopener\" target=\"_blank\">d\u00e9programmation du match des Bleues contre les Pays-Bas<\/a>, la cha\u00eene TMC est en passe de r\u00e9organiser sa grille en journ\u00e9e faute d\u2019audience suffisante.<\/p>\n<p class=\"fig-paragraph\">La cha\u00eene va revoir sa programmation d\u2019\u00e9t\u00e9 et cela, d\u00e8s lundi 14 juillet. Exit les rediffusions des feuilletons propos\u00e9es depuis le 23 juin dernier. Sept \u00e9pisodes de Sous le soleil \u00e9taient initialement programm\u00e9s chaque jour en semaine d\u00e8s 6h15. Mais ce choix ne s\u2019est pas r\u00e9v\u00e9l\u00e9 payant pour la cha\u00eene de la TNT. \u00abLors des 5 derni\u00e8res diffusions, la part d\u2019audience moyenne de la case a enregistr\u00e9 une d\u00e9cote de 55 % sur la cible des femmes responsables des achats de moins de 50 ans, par rapport aux programmes diffus\u00e9s lors des 4 semaines pr\u00e9c\u00e9dentes dans les m\u00eames cases de programmation, soit 0,9 % contre 2,0 % habituellement\u00bb, a annonc\u00e9 le groupe tout en d\u00e9clarant remplacer ce programme par deux autres s\u00e9ries, Nos chers voisins puis Madame est servie.<\/p>\n<p class=\"fig-body-link\">\n            \u00c0 lire aussi<br \/>\n        <a class=\"fig-body-link__link\" href=\"http:\/\/tvmag.lefigaro.fr\/programme-tv\/actu-tele\/euro-2025-feminin-france-2-diffusera-le-match-france-pays-bas-apres-un-accord-avec-tf1-20250711\" target=\"_blank\" data-fig-type=\"NewsFlash\" rel=\"noopener nofollow\" data-gtm-custom-categorie=\"navigation\" data-gtm-custom-action=\"crossclick\" data-gtm-custom-label=\"Contextuel\" data-gtm-event=\"customEventSPE\" data-fig-domain=\"TVMAG\">Euro 2025 f\u00e9minin\u00a0: finalement, France 2 diffusera le match France &#8211; Pays-Bas apr\u00e8s un accord avec TF1<br \/>\n    <\/a>\n<\/p>\n<p>                                    <a class=\"fig-a11y-skip a11y-hidden\" href=\"#fig-a11y-skip-main-inarticle\"><br \/>\n        Passer la publicit\u00e9<br \/>\n    <\/a><\/p>\n<p class=\"fig-paragraph\">La fiction mettant en sc\u00e8ne Chuck Norris est elle aussi touch\u00e9e par un manque d\u2019int\u00e9r\u00eat des t\u00e9l\u00e9spectateurs. Walker Texas Ranger, diffus\u00e9 en semaine \u00e0 partir de 13h35 (hors mercredis), accuse \u00e9galement \u00abune d\u00e9cote de 42 %, par rapport aux programmes diffus\u00e9s lors des 4 semaines pr\u00e9c\u00e9dentes dans les m\u00eames cases de programmation. Soit 1,9% de part d\u2019audience contre 3,3% habituellement.\u00bb Les quelques aficionados devront donc se faire une raison d\u00e8s lundi et se contenter des six \u00e9pisodes des Experts propos\u00e9s.<\/p>\n<p class=\"fig-paragraph\">Ce n\u2019est pas le seul changement dans la grille de TMC. Pour rappel, le groupe avait pris la d\u00e9cision ce jeudi de d\u00e9loger le dernier match de poules des Fran\u00e7aises dans l\u2019Euro 2025 pr\u00e9vu ce dimanche 13 juillet. L\u2019\u00e9v\u00e9nement qui devait initialement \u00eatre retransmis sur TF1 &#8211; La Une a pr\u00e9f\u00e9r\u00e9 une rencontre masculine entre le Paris Saint-Germain et Chelsea &#8211; termine finalement sur France 2. Les deux cha\u00eenes concurrentes ont trouv\u00e9 un accord apr\u00e8s la d\u00e9ception exprim\u00e9e par les joueuses. \u00abFrance t\u00e9l\u00e9visions diffusera le dernier match de poules des Bleues pour offrir la plus belle visibilit\u00e9 \u00e0 l\u2019\u00e9quipe f\u00e9minine de football\u00bb, a \u00e9crit le groupe audiovisuel sur son compte X.<\/p>\n","protected":false},"excerpt":{"rendered":"Sous le soleil sur TMC Capture d&rsquo;\u00e9cran La cha\u00eene du groupe TF1 a vu le nombre de ses&hellip;\n","protected":false},"author":2,"featured_media":243434,"comment_status":"","ping_status":"","sticky":false,"template":"","format":"standard","meta":{"footnotes":""},"categories":[1356],"tags":[58,59,1011,27,252,8648,1364],"class_list":{"0":"post-243433","1":"post","2":"type-post","3":"status-publish","4":"format-standard","5":"has-post-thumbnail","7":"category-television","8":"tag-divertissement","9":"tag-entertainment","10":"tag-fr","11":"tag-france","12":"tag-television","13":"tag-tmc","14":"tag-tv"},"share_on_mastodon":{"url":"https:\/\/pubeurope.com\/@fr\/114836778854528836","error":""},"_links":{"self":[{"href":"https:\/\/www.europesays.com\/fr\/wp-json\/wp\/v2\/posts\/243433","targetHints":{"allow":["GET"]}}],"collection":[{"href":"https:\/\/www.europesays.com\/fr\/wp-json\/wp\/v2\/posts"}],"about":[{"href":"https:\/\/www.europesays.com\/fr\/wp-json\/wp\/v2\/types\/post"}],"author":[{"embeddable":true,"href":"https:\/\/www.europesays.com\/fr\/wp-json\/wp\/v2\/users\/2"}],"replies":[{"embeddable":true,"href":"https:\/\/www.europesays.com\/fr\/wp-json\/wp\/v2\/comments?post=243433"}],"version-history":[{"count":0,"href":"https:\/\/www.europesays.com\/fr\/wp-json\/wp\/v2\/posts\/243433\/revisions"}],"wp:featuredmedia":[{"embeddable":true,"href":"https:\/\/www.europesays.com\/fr\/wp-json\/wp\/v2\/media\/243434"}],"wp:attachment":[{"href":"https:\/\/www.europesays.com\/fr\/wp-json\/wp\/v2\/media?parent=243433"}],"wp:term":[{"taxonomy":"category","embeddable":true,"href":"https:\/\/www.europesays.com\/fr\/wp-json\/wp\/v2\/categories?post=243433"},{"taxonomy":"post_tag","embeddable":true,"href":"https:\/\/www.europesays.com\/fr\/wp-json\/wp\/v2\/tags?post=243433"}],"curies":[{"name":"wp","href":"https:\/\/api.w.org\/{rel}","templated":true}]}}