{"id":243439,"date":"2025-07-11T21:44:09","date_gmt":"2025-07-11T21:44:09","guid":{"rendered":"https:\/\/www.europesays.com\/fr\/243439\/"},"modified":"2025-07-11T21:44:09","modified_gmt":"2025-07-11T21:44:09","slug":"lheure-ideale-du-diner-pour-bien-dormir-et-rester-mince-nest-pas-celle-que-vous-croyez","status":"publish","type":"post","link":"https:\/\/www.europesays.com\/fr\/243439\/","title":{"rendered":"L&rsquo;heure id\u00e9ale du d\u00eener pour bien dormir et rester mince n&rsquo;est pas celle que vous croyez"},"content":{"rendered":"<p>Les Fran\u00e7ais d\u00eenent de plus en plus tard. Selon un rapport de l\u2019Insee de 2012, consacr\u00e9 \u00e0 l\u2019alimentation notre alimentation \u00ab auparavant un peu avant 20 heures, le pic s\u2019est d\u00e9plac\u00e9 vers 20 h 15 et les d\u00eeners plus tardifs sont plus fr\u00e9quents \u00bb. Et pourtant, vous le savez sans doute, manger trop tard n\u2019est pas recommand\u00e9 pour la sant\u00e9. Notamment car cela perturbe le sommeil et la glyc\u00e9mie. Des recherches scientifiques ont notamment d\u00e9montr\u00e9 que la m\u00e9latonine, ou hormone du sommeil, pourrait jouer un r\u00f4le. L\u2019augmentation du taux de m\u00e9latonine interf\u00e9rerait en effet avec la capacit\u00e9 de l\u2019organisme \u00e0 r\u00e9guler la glyc\u00e9mie, ce qui peut entra\u00eener des pics de glyc\u00e9mie plus importants et plus durables apr\u00e8s les repas tard le soir, explique Frank Scheer, PhD, directeur du programme de chronobiologie m\u00e9dicale au Brigham and Women&rsquo;s Hospital, au m\u00e9dia Health. Via des travaux en laboratoire, Sheer et ses coll\u00e8gues ont notamment d\u00e9montr\u00e9 que les gens avaient plus faim et br\u00fblaient moins de calories en d\u00eenant tard. Manger tard d\u00e9clencherait en outre des changements au niveau des tissus favorisant la prise de graisse.<\/p>\n<p>Des risques de probl\u00e8mes m\u00e9taboliques<\/p>\n<p>Ainsi, si une personne a l\u2019habitude de d\u00eener tard, elle pourrait \u00eatre plus \u00e0 risque de probl\u00e8mes m\u00e9taboliques, notamment de diab\u00e8te de type 2 et d\u2019ob\u00e9sit\u00e9, explique Daisy Duan, professeure adjointe au d\u00e9partement d&rsquo;endocrinologie, de diab\u00e8te et de m\u00e9tabolisme de la facult\u00e9 de (&#8230;)<\/p>\n<p><a href=\"https:\/\/www.topsante.com\/minceur\/lheure-ideale-du-diner-pour-bien-dormir-et-rester-mince-nest-pas-celle-que-vous-croyez-920737?utm_campaign=partenariat&amp;utm_source=yahoo-articles&amp;utm_medium=flux\" rel=\"nofollow noopener\" target=\"_blank\" data-ylk=\"slk:Lire la suite sur Top Sant\u00e9;elm:context_link;itc:0;sec:content-canvas\" class=\"link \">Lire la suite sur Top Sant\u00e9<\/a><\/p>\n<p><a href=\"https:\/\/www.topsante.com\/nutrition_et_recettes\/bien_choisir_ses_aliments\/un-cardiologue-revele-laliment-a-mettre-dans-son-assiette-pour-eviter-le-coup-de-barre-de-14h-920657?utm_campaign=partenariat&amp;utm_source=yahoo-articles&amp;utm_medium=flux\" rel=\"nofollow noopener\" target=\"_blank\" data-ylk=\"slk:Un cardiologue r\u00e9v\u00e8le l&#039;aliment \u00e0 mettre dans son assiette pour \u00e9viter le coup de barre de 14h;elm:context_link;itc:0;sec:content-canvas\" class=\"link \">Un cardiologue r\u00e9v\u00e8le l&rsquo;aliment \u00e0 mettre dans son assiette pour \u00e9viter le coup de barre de 14h<\/a><br \/><a href=\"https:\/\/www.topsante.com\/nutrition_et_recettes\/bien_choisir_ses_aliments\/9-fruits-riches-en-electrolytes-pour-des-muscles-en-meilleure-sante-920374?utm_campaign=partenariat&amp;utm_source=yahoo-articles&amp;utm_medium=flux\" rel=\"nofollow noopener\" target=\"_blank\" data-ylk=\"slk:Ce fruit d&#039;\u00e9t\u00e9 riche en eau permet de gagner des muscles en meilleure sant\u00e9, affirme une di\u00e9t\u00e9ticienne;elm:context_link;itc:0;sec:content-canvas\" class=\"link \">Ce fruit d&rsquo;\u00e9t\u00e9 riche en eau permet de gagner des muscles en meilleure sant\u00e9, affirme une di\u00e9t\u00e9ticienne<\/a><br \/><a href=\"https:\/\/www.topsante.com\/nutrition_et_recettes\/cuisiner-sainement\/je-suis-cheffe-voici-pourquoi-il-est-important-dajouter-du-sel-a-leau-de-cuisson-de-vos-pates-920704?utm_campaign=partenariat&amp;utm_source=yahoo-articles&amp;utm_medium=flux\" rel=\"nofollow noopener\" target=\"_blank\" data-ylk=\"slk:\u201cJe suis cheffe voici pourquoi il est important d\u2019ajouter du sel \u00e0 l\u2019eau de cuisson de vos p\u00e2tes\u201d;elm:context_link;itc:0;sec:content-canvas\" class=\"link \">\u201cJe suis cheffe voici pourquoi il est important d\u2019ajouter du sel \u00e0 l\u2019eau de cuisson de vos p\u00e2tes\u201d<\/a><br \/><a href=\"https:\/\/www.topsante.com\/forme_bien_etre\/bien_dans_sa_peau\/estime_de_soi\/voici-les-8-phrases-qui-revelent-instantanement-une-faible-estime-de-soi-920502?utm_campaign=partenariat&amp;utm_source=yahoo-articles&amp;utm_medium=flux\" rel=\"nofollow noopener\" target=\"_blank\" data-ylk=\"slk:Voici les 8 phrases qu&#039;une personne qui a une faible estime de soi utilise souvent;elm:context_link;itc:0;sec:content-canvas\" class=\"link \">Voici les 8 phrases qu&rsquo;une personne qui a une faible estime de soi utilise souvent<\/a><br \/><a href=\"https:\/\/www.topsante.com\/beaute_soins\/solaire_bronzage\/protection_solaire\/nous-avons-teste-une-panoplie-de-cremes-solaires-voici-notre-top-10-pour-2025-920655?utm_campaign=partenariat&amp;utm_source=yahoo-articles&amp;utm_medium=flux\" rel=\"nofollow noopener\" target=\"_blank\" data-ylk=\"slk:Nous avons test\u00e9 une panoplie de cr\u00e8mes solaires : voici notre top 10 pour 2025;elm:context_link;itc:0;sec:content-canvas\" class=\"link \">Nous avons test\u00e9 une panoplie de cr\u00e8mes solaires : voici notre top 10 pour 2025<\/a><\/p>\n","protected":false},"excerpt":{"rendered":"Les Fran\u00e7ais d\u00eenent de plus en plus tard. Selon un rapport de l\u2019Insee de 2012, consacr\u00e9 \u00e0 l\u2019alimentation&hellip;\n","protected":false},"author":2,"featured_media":243440,"comment_status":"","ping_status":"","sticky":false,"template":"","format":"standard","meta":{"footnotes":""},"categories":[10],"tags":[1011,27,38310,72,38309,71],"class_list":{"0":"post-243439","1":"post","2":"type-post","3":"status-publish","4":"format-standard","5":"has-post-thumbnail","7":"category-sante","8":"tag-fr","9":"tag-france","10":"tag-frank-scheer","11":"tag-health","12":"tag-hormone-du-sommeil","13":"tag-sante"},"share_on_mastodon":{"url":"https:\/\/pubeurope.com\/@fr\/114836790659682442","error":""},"_links":{"self":[{"href":"https:\/\/www.europesays.com\/fr\/wp-json\/wp\/v2\/posts\/243439","targetHints":{"allow":["GET"]}}],"collection":[{"href":"https:\/\/www.europesays.com\/fr\/wp-json\/wp\/v2\/posts"}],"about":[{"href":"https:\/\/www.europesays.com\/fr\/wp-json\/wp\/v2\/types\/post"}],"author":[{"embeddable":true,"href":"https:\/\/www.europesays.com\/fr\/wp-json\/wp\/v2\/users\/2"}],"replies":[{"embeddable":true,"href":"https:\/\/www.europesays.com\/fr\/wp-json\/wp\/v2\/comments?post=243439"}],"version-history":[{"count":0,"href":"https:\/\/www.europesays.com\/fr\/wp-json\/wp\/v2\/posts\/243439\/revisions"}],"wp:featuredmedia":[{"embeddable":true,"href":"https:\/\/www.europesays.com\/fr\/wp-json\/wp\/v2\/media\/243440"}],"wp:attachment":[{"href":"https:\/\/www.europesays.com\/fr\/wp-json\/wp\/v2\/media?parent=243439"}],"wp:term":[{"taxonomy":"category","embeddable":true,"href":"https:\/\/www.europesays.com\/fr\/wp-json\/wp\/v2\/categories?post=243439"},{"taxonomy":"post_tag","embeddable":true,"href":"https:\/\/www.europesays.com\/fr\/wp-json\/wp\/v2\/tags?post=243439"}],"curies":[{"name":"wp","href":"https:\/\/api.w.org\/{rel}","templated":true}]}}