{"id":243466,"date":"2025-07-11T21:59:12","date_gmt":"2025-07-11T21:59:12","guid":{"rendered":"https:\/\/www.europesays.com\/fr\/243466\/"},"modified":"2025-07-11T21:59:12","modified_gmt":"2025-07-11T21:59:12","slug":"alexandre-mendy-se-relance-a-montpellier-france-montpellier","status":"publish","type":"post","link":"https:\/\/www.europesays.com\/fr\/243466\/","title":{"rendered":"Alexandre Mendy se relance \u00e0 Montpellier &#8211; France &#8211; Montpellier"},"content":{"rendered":"<p>Un vrai recrutement de Ligue 2.<\/p>\n<p>On se demandait, depuis de longs mois, quand Alexandre Mendy allait-il quitter le SM Caen et la Ligue 2. La rel\u00e9gation en National du <a target=\"_blank\" href=\"https:\/\/www.sofoot.com\/articles\/le-clan-mbappe-et-le-stade-malherbe-de-caen-comment-en-est-on-arrive-la\" rel=\"noopener nofollow\">club rachet\u00e9 par le clan Mbapp\u00e9<\/a> a donc d\u00e9finitivement pouss\u00e9 l\u2019attaquant bissau-guin\u00e9en loin de la Normandie. Ce dernier reste tout de m\u00eame dans l\u2019antichambre puisqu\u2019<strong>il a sign\u00e9 du c\u00f4t\u00e9 de Montpellier<\/strong>, qui retrouve ce niveau pour la premi\u00e8re fois depuis 2009.<\/p>\n<p>Auteur de 69 buts en Ligue 2 avec Malherbe \u2013 auxquels on peut ajouter les trois inscrits sous le maillot de N\u00eemes en 2014-2015 -, Alexandre Mendy a \u00e9t\u00e9 sacr\u00e9 <strong>meilleur buteur du championnat lors de la saison 2023-2024<\/strong>, avec 22 r\u00e9alisations, et avait termin\u00e9 deuxi\u00e8me de ce classement l\u2019ann\u00e9e suivante, avec 19 pions. Il va rejoindre deux attaquants d\u00e9j\u00e0 arriv\u00e9s, en pr\u00eat, au MHSC cet \u00e9t\u00e9 : Victor Orakpo et Nathana\u00ebl Mbuku.<\/p>\n<p>Zoumana Camara pourra asseoir son autorit\u00e9 en leur montrant qu\u2019il d\u00e9fend encore tr\u00e8s bien.<\/p>\n<p>\t\t\t\t\t\t\t\t\t\t<a class=\"lien-connexe\" href=\"https:\/\/www.sofoot.com\/breves\/lens-caen-toulouse-quatre-clubs-de-ligue-2-et-un-de-national-sont-valides-par-la-dncg\" rel=\"nofollow noopener\" target=\"_blank\">DNCG valid\u00e9e pour 9 clubs professionnels<\/a>\t\t\t\t\t<\/p>\n","protected":false},"excerpt":{"rendered":"Un vrai recrutement de Ligue 2. On se demandait, depuis de longs mois, quand Alexandre Mendy allait-il quitter&hellip;\n","protected":false},"author":2,"featured_media":243467,"comment_status":"","ping_status":"","sticky":false,"template":"","format":"standard","meta":{"footnotes":""},"categories":[9599],"tags":[1111,47,11,61,69,65,64,1777,674,63,1011,27,68,66,2208,12,62,2680,70,25,67],"class_list":{"0":"post-243466","1":"post","2":"type-post","3":"status-publish","4":"format-standard","5":"has-post-thumbnail","7":"category-montpellier","8":"tag-actu","9":"tag-actualite","10":"tag-actualites","11":"tag-actus-football","12":"tag-bundesliga","13":"tag-championnats-europeens","14":"tag-equipe-de-france","15":"tag-eu","16":"tag-europe","17":"tag-football","18":"tag-fr","19":"tag-france","20":"tag-ligua","21":"tag-ligue-1","22":"tag-montpellier","23":"tag-news","24":"tag-news-foot","25":"tag-occitanie","26":"tag-premier-league","27":"tag-republique-francaise","28":"tag-serie-a"},"share_on_mastodon":{"url":"https:\/\/pubeurope.com\/@fr\/114836849473623336","error":""},"_links":{"self":[{"href":"https:\/\/www.europesays.com\/fr\/wp-json\/wp\/v2\/posts\/243466","targetHints":{"allow":["GET"]}}],"collection":[{"href":"https:\/\/www.europesays.com\/fr\/wp-json\/wp\/v2\/posts"}],"about":[{"href":"https:\/\/www.europesays.com\/fr\/wp-json\/wp\/v2\/types\/post"}],"author":[{"embeddable":true,"href":"https:\/\/www.europesays.com\/fr\/wp-json\/wp\/v2\/users\/2"}],"replies":[{"embeddable":true,"href":"https:\/\/www.europesays.com\/fr\/wp-json\/wp\/v2\/comments?post=243466"}],"version-history":[{"count":0,"href":"https:\/\/www.europesays.com\/fr\/wp-json\/wp\/v2\/posts\/243466\/revisions"}],"wp:featuredmedia":[{"embeddable":true,"href":"https:\/\/www.europesays.com\/fr\/wp-json\/wp\/v2\/media\/243467"}],"wp:attachment":[{"href":"https:\/\/www.europesays.com\/fr\/wp-json\/wp\/v2\/media?parent=243466"}],"wp:term":[{"taxonomy":"category","embeddable":true,"href":"https:\/\/www.europesays.com\/fr\/wp-json\/wp\/v2\/categories?post=243466"},{"taxonomy":"post_tag","embeddable":true,"href":"https:\/\/www.europesays.com\/fr\/wp-json\/wp\/v2\/tags?post=243466"}],"curies":[{"name":"wp","href":"https:\/\/api.w.org\/{rel}","templated":true}]}}