{"id":24347,"date":"2025-04-14T13:33:16","date_gmt":"2025-04-14T13:33:16","guid":{"rendered":"https:\/\/www.europesays.com\/fr\/24347\/"},"modified":"2025-04-14T13:33:16","modified_gmt":"2025-04-14T13:33:16","slug":"une-panne-perturbe-le-reseau-sncf-en-gironde-des-trains-retardes-ou-annules","status":"publish","type":"post","link":"https:\/\/www.europesays.com\/fr\/24347\/","title":{"rendered":"Une panne perturbe le r\u00e9seau SNCF en Gironde, des trains retard\u00e9s ou annul\u00e9s"},"content":{"rendered":"<p>            Par<br \/>\n        <strong><br \/>\n            <a href=\"https:\/\/actu.fr\/auteur\/redaction-bordeaux\" title=\"Consulter tous les articles de R\u00e9daction Bordeaux\" rel=\"nofollow noopener\" target=\"_blank\">R\u00e9daction Bordeaux<\/a><br \/>\n        <\/strong><\/p>\n<p>        Publi\u00e9 le<\/p>\n<p>            14 avr. 2025 \u00e0 10h55        <\/p>\n<p>C\u2019est la pagaille sur le r\u00e9seau ferr\u00e9 <a href=\"https:\/\/actu.fr\/bordeaux\/\" rel=\"nofollow noopener\" target=\"_blank\">de la Gironde.<\/a> Ce lundi 14 avril 2025, une panne d\u2019alimentation \u00e9lectrique perturbe la circulation de nombreux trains avec des <strong>annulations et des retards<\/strong> annonc\u00e9s.<\/p>\n<p>De nombreux axes perturb\u00e9s<\/p>\n<p class=\" wall-content\">Un peu apr\u00e8s 9h, la SNCF a signalis\u00e9 une panne entre Pauillac et Macau, <strong>dans le M\u00e9doc.<\/strong> La circulation est interrompue sur la ligne de TER entre Bordeaux et <a href=\"https:\/\/actu.fr\/nouvelle-aquitaine\/le-verdon-sur-mer_33544\" rel=\"nofollow noopener\" target=\"_blank\">Le Verdon.<\/a>\u00a0<\/p>\n<p class=\" wall-content\">Une heure plus tard, la SNCF a signal\u00e9 <strong>d\u2019autres axes impact\u00e9s, <\/strong>car la circulation est interrompue entre la gare de Bordeaux Saint-Jean et de Biganos Facture. Il s\u2019agit de :\u00a0<\/p>\n<ul class=\" wall-content\">\n<li>Bordeaux \u2013 Arcachon (et Libourne-Arcachon),<\/li>\n<li>Bordeaux \u2013 Dax,<\/li>\n<li>Bordeaux \u2013 Bayonne \u2013 Hendaye,<\/li>\n<li>Bordeaux \u2013 Pau.<\/li>\n<\/ul>\n<p class=\" wall-content\">Les TER ne sont donc pas les seuls impact\u00e9s, les <strong>TGV<\/strong> circulants sur ces axes (Hendaye-Bordeaux-Paris) sont \u00e9galement ralentis.\u00a0<\/p>\n<p>Vid\u00e9os : en ce moment sur Actu<\/p>\n<p class=\" wall-content\">\n<p class=\" wall-content\">\u00ab\u00a0Les \u00e9quipes concern\u00e9es sont en cours d\u2019intervention\u00a0\u00bb, affirme la SNCF aux alentours de 10h.\u00a0Le retour \u00e0 la normale est <strong>pr\u00e9vu \u00e0 12h30<\/strong> sur les deux axes.<\/p>\n<p class=\" wall-content\">Suivez toute l\u2019actualit\u00e9 de vos villes et m\u00e9dias favoris en vous inscrivant \u00e0 <a href=\"https:\/\/moncompte.actu.fr\" title=\"D\u00e9couvez Mon Actu\" rel=\"nofollow noopener\" data-trk=\"{&quot;cta&quot;:{&quot;action&quot;:&quot;https:\\\/\\\/moncompte.actu.fr&quot;,&quot;category&quot;:&quot;mon compte&quot;,&quot;from&quot;:&quot;article footer&quot;,&quot;name&quot;:&quot;Mon actu&quot;,&quot;type&quot;:&quot;cta&quot;}}\" target=\"_blank\">Mon Actu<\/a>.<\/p>\n","protected":false},"excerpt":{"rendered":"Par R\u00e9daction Bordeaux Publi\u00e9 le 14 avr. 2025 \u00e0 10h55 C\u2019est la pagaille sur le r\u00e9seau ferr\u00e9 de&hellip;\n","protected":false},"author":2,"featured_media":24348,"comment_status":"","ping_status":"","sticky":false,"template":"","format":"standard","meta":{"footnotes":""},"categories":[2817],"tags":[1111,11,1997,1777,674,1011,27,8768,12,2219,25,2215,104,2803],"class_list":{"0":"post-24347","1":"post","2":"type-post","3":"status-publish","4":"format-standard","5":"has-post-thumbnail","7":"category-bordeaux","8":"tag-actu","9":"tag-actualites","10":"tag-bordeaux","11":"tag-eu","12":"tag-europe","13":"tag-fr","14":"tag-france","15":"tag-gare-saint-jean","16":"tag-news","17":"tag-nouvelle-aquitaine","18":"tag-republique-francaise","19":"tag-sncf","20":"tag-societe","21":"tag-transport"},"share_on_mastodon":{"url":"https:\/\/pubeurope.com\/@fr\/114336576607957259","error":""},"_links":{"self":[{"href":"https:\/\/www.europesays.com\/fr\/wp-json\/wp\/v2\/posts\/24347","targetHints":{"allow":["GET"]}}],"collection":[{"href":"https:\/\/www.europesays.com\/fr\/wp-json\/wp\/v2\/posts"}],"about":[{"href":"https:\/\/www.europesays.com\/fr\/wp-json\/wp\/v2\/types\/post"}],"author":[{"embeddable":true,"href":"https:\/\/www.europesays.com\/fr\/wp-json\/wp\/v2\/users\/2"}],"replies":[{"embeddable":true,"href":"https:\/\/www.europesays.com\/fr\/wp-json\/wp\/v2\/comments?post=24347"}],"version-history":[{"count":0,"href":"https:\/\/www.europesays.com\/fr\/wp-json\/wp\/v2\/posts\/24347\/revisions"}],"wp:featuredmedia":[{"embeddable":true,"href":"https:\/\/www.europesays.com\/fr\/wp-json\/wp\/v2\/media\/24348"}],"wp:attachment":[{"href":"https:\/\/www.europesays.com\/fr\/wp-json\/wp\/v2\/media?parent=24347"}],"wp:term":[{"taxonomy":"category","embeddable":true,"href":"https:\/\/www.europesays.com\/fr\/wp-json\/wp\/v2\/categories?post=24347"},{"taxonomy":"post_tag","embeddable":true,"href":"https:\/\/www.europesays.com\/fr\/wp-json\/wp\/v2\/tags?post=24347"}],"curies":[{"name":"wp","href":"https:\/\/api.w.org\/{rel}","templated":true}]}}