{"id":243477,"date":"2025-07-11T22:06:17","date_gmt":"2025-07-11T22:06:17","guid":{"rendered":"https:\/\/www.europesays.com\/fr\/243477\/"},"modified":"2025-07-11T22:06:17","modified_gmt":"2025-07-11T22:06:17","slug":"holtzheim-accident-de-plongee-un-octogenaire-decede","status":"publish","type":"post","link":"https:\/\/www.europesays.com\/fr\/243477\/","title":{"rendered":"Holtzheim. Accident de plong\u00e9e\u00a0: un octog\u00e9naire d\u00e9c\u00e8de"},"content":{"rendered":"<p>Un homme, \u00e2g\u00e9 de 80 ans, est mort \u00e0 l\u2019issue d\u2019une plong\u00e9e vendredi 11\u00a0juillet vers 16\u00a0h\u00a040 \u00e0 la gravi\u00e8re du Fort de Holtzheim, au sud-ouest de Strasbourg. Ce passionn\u00e9 de plong\u00e9e, habitu\u00e9 des lieux, venait de sortir de l\u2019eau lorsqu\u2019il a \u00e9t\u00e9 victime d\u2019un malaise.<\/p>\n<p>En arr\u00eat cardiorespiratoire, il a \u00e9t\u00e9 pris en charge par les sapeurs-pompiers. Malgr\u00e9 une tentative de r\u00e9animation par les pompiers, qui ont pratiqu\u00e9 un massage cardiaque pendant une heure, l\u2019octog\u00e9naire est d\u00e9c\u00e9d\u00e9 au bord du plan d\u2019eau. <\/p>\n<p>Les gendarmes \u00e9taient \u00e9galement pr\u00e9sents.<\/p>\n","protected":false},"excerpt":{"rendered":"Un homme, \u00e2g\u00e9 de 80 ans, est mort \u00e0 l\u2019issue d\u2019une plong\u00e9e vendredi 11\u00a0juillet vers 16\u00a0h\u00a040 \u00e0 la&hellip;\n","protected":false},"author":2,"featured_media":243478,"comment_status":"","ping_status":"","sticky":false,"template":"","format":"standard","meta":{"footnotes":""},"categories":[2820],"tags":[1111,11,2389,2649,2880,1777,674,274,107,1011,27,775,24065,12,25,640,3089],"class_list":{"0":"post-243477","1":"post","2":"type-post","3":"status-publish","4":"format-standard","5":"has-post-thumbnail","7":"category-strasbourg","8":"tag-actu","9":"tag-actualites","10":"tag-alsace","11":"tag-bas-rhin","12":"tag-edition-strasbourg","13":"tag-eu","14":"tag-europe","15":"tag-faits-divers-justice","16":"tag-fil-info","17":"tag-fr","18":"tag-france","19":"tag-grand-est","20":"tag-holtzheim","21":"tag-news","22":"tag-republique-francaise","23":"tag-strasbourg","24":"tag-strasbourg-sud"},"share_on_mastodon":{"url":"https:\/\/pubeurope.com\/@fr\/114836877050676530","error":""},"_links":{"self":[{"href":"https:\/\/www.europesays.com\/fr\/wp-json\/wp\/v2\/posts\/243477","targetHints":{"allow":["GET"]}}],"collection":[{"href":"https:\/\/www.europesays.com\/fr\/wp-json\/wp\/v2\/posts"}],"about":[{"href":"https:\/\/www.europesays.com\/fr\/wp-json\/wp\/v2\/types\/post"}],"author":[{"embeddable":true,"href":"https:\/\/www.europesays.com\/fr\/wp-json\/wp\/v2\/users\/2"}],"replies":[{"embeddable":true,"href":"https:\/\/www.europesays.com\/fr\/wp-json\/wp\/v2\/comments?post=243477"}],"version-history":[{"count":0,"href":"https:\/\/www.europesays.com\/fr\/wp-json\/wp\/v2\/posts\/243477\/revisions"}],"wp:featuredmedia":[{"embeddable":true,"href":"https:\/\/www.europesays.com\/fr\/wp-json\/wp\/v2\/media\/243478"}],"wp:attachment":[{"href":"https:\/\/www.europesays.com\/fr\/wp-json\/wp\/v2\/media?parent=243477"}],"wp:term":[{"taxonomy":"category","embeddable":true,"href":"https:\/\/www.europesays.com\/fr\/wp-json\/wp\/v2\/categories?post=243477"},{"taxonomy":"post_tag","embeddable":true,"href":"https:\/\/www.europesays.com\/fr\/wp-json\/wp\/v2\/tags?post=243477"}],"curies":[{"name":"wp","href":"https:\/\/api.w.org\/{rel}","templated":true}]}}