{"id":243485,"date":"2025-07-11T22:10:54","date_gmt":"2025-07-11T22:10:54","guid":{"rendered":"https:\/\/www.europesays.com\/fr\/243485\/"},"modified":"2025-07-11T22:10:54","modified_gmt":"2025-07-11T22:10:54","slug":"au-nord-de-la-loire-atlantique-les-pompiers-encore-mobilises-autour-dun-feu-de-broussailles","status":"publish","type":"post","link":"https:\/\/www.europesays.com\/fr\/243485\/","title":{"rendered":"Au nord de la Loire-Atlantique, les pompiers encore mobilis\u00e9s autour d\u2019un feu de broussailles"},"content":{"rendered":"<p>Cette fois, c\u2019est dans la petite commune de Puceul, \u00e0 une quarantaine de kilom\u00e8tres au nord de <a href=\"https:\/\/www.ouest-france.fr\/presse-ocean\/\" target=\"_blank\" rel=\"noopener\">Nantes,<\/a> que les pompiers ont \u00e9t\u00e9 appel\u00e9s.<\/p>\n<p>Un nouveau feu de broussailles venait d\u2019\u00eatre signal\u00e9 au lieu-dit l\u2019H\u00f4tel Ferrand. Une quinzaine de soldats du feu se sont d\u00e9plac\u00e9s sur les lieux, d\u00e8s 14\u00a0h\u00a030, ce jeudi.<\/p>\n<p>Ils ont r\u00e9ussi \u00e0 stopper la progression des flammes, qui mena\u00e7aient un garage.<\/p>\n<p><a href=\"https:\/\/rennes.maville.com\/actu\/actudet_-feux-de-foret-le-risque-d-incendie-monte-d-un-cran-en-loire-atlantique-_8-6894602_actu.Htm\" target=\"_blank\" rel=\"noopener\">+ LIRE AUSSI\u00a0: \u00ab\u00a0Feux de for\u00eat\u00a0: le risque d\u2019incendie monte d\u2019un cran en Loire-Atlantique\u00a0\u00bb<\/a><\/p>\n<p>\u00a0<\/p>\n","protected":false},"excerpt":{"rendered":"Cette fois, c\u2019est dans la petite commune de Puceul, \u00e0 une quarantaine de kilom\u00e8tres au nord de Nantes,&hellip;\n","protected":false},"author":2,"featured_media":243486,"comment_status":"","ping_status":"","sticky":false,"template":"","format":"standard","meta":{"footnotes":""},"categories":[2818],"tags":[1111,11,7051,37509,1440,1777,674,1312,1011,27,3047,17479,766,12,1308,2636,1311,25],"class_list":{"0":"post-243485","1":"post","2":"type-post","3":"status-publish","4":"format-standard","5":"has-post-thumbnail","7":"category-nantes","8":"tag-actu","9":"tag-actualites","10":"tag-autour","11":"tag-broussailles","12":"tag-encore","13":"tag-eu","14":"tag-europe","15":"tag-feu","16":"tag-fr","17":"tag-france","18":"tag-loire-atlantique","19":"tag-mobilises","20":"tag-nantes","21":"tag-news","22":"tag-nord","23":"tag-pays-de-la-loire","24":"tag-pompiers","25":"tag-republique-francaise"},"share_on_mastodon":{"url":"https:\/\/pubeurope.com\/@fr\/114836896707635182","error":""},"_links":{"self":[{"href":"https:\/\/www.europesays.com\/fr\/wp-json\/wp\/v2\/posts\/243485","targetHints":{"allow":["GET"]}}],"collection":[{"href":"https:\/\/www.europesays.com\/fr\/wp-json\/wp\/v2\/posts"}],"about":[{"href":"https:\/\/www.europesays.com\/fr\/wp-json\/wp\/v2\/types\/post"}],"author":[{"embeddable":true,"href":"https:\/\/www.europesays.com\/fr\/wp-json\/wp\/v2\/users\/2"}],"replies":[{"embeddable":true,"href":"https:\/\/www.europesays.com\/fr\/wp-json\/wp\/v2\/comments?post=243485"}],"version-history":[{"count":0,"href":"https:\/\/www.europesays.com\/fr\/wp-json\/wp\/v2\/posts\/243485\/revisions"}],"wp:featuredmedia":[{"embeddable":true,"href":"https:\/\/www.europesays.com\/fr\/wp-json\/wp\/v2\/media\/243486"}],"wp:attachment":[{"href":"https:\/\/www.europesays.com\/fr\/wp-json\/wp\/v2\/media?parent=243485"}],"wp:term":[{"taxonomy":"category","embeddable":true,"href":"https:\/\/www.europesays.com\/fr\/wp-json\/wp\/v2\/categories?post=243485"},{"taxonomy":"post_tag","embeddable":true,"href":"https:\/\/www.europesays.com\/fr\/wp-json\/wp\/v2\/tags?post=243485"}],"curies":[{"name":"wp","href":"https:\/\/api.w.org\/{rel}","templated":true}]}}