{"id":243503,"date":"2025-07-11T22:19:14","date_gmt":"2025-07-11T22:19:14","guid":{"rendered":"https:\/\/www.europesays.com\/fr\/243503\/"},"modified":"2025-07-11T22:19:14","modified_gmt":"2025-07-11T22:19:14","slug":"la-police-municipale-controle-un-camion-mal-gare-et-decouvre-600-paires-de-chaussures-de-contrefacon","status":"publish","type":"post","link":"https:\/\/www.europesays.com\/fr\/243503\/","title":{"rendered":"la police municipale contr\u00f4le un camion mal gar\u00e9&#8230; et d\u00e9couvre 600 paires de chaussures de contrefa\u00e7on"},"content":{"rendered":"<p>En patrouille dans le centre de la ville, les agents sont tomb\u00e9s sur un camion qui bloquait la circulation. Il contenait un important stock de chaussures de contrefa\u00e7on.<\/p>\n<p class=\"fig-paragraph\">De faux produits rapidement d\u00e9tourn\u00e9s avant leur arriv\u00e9e sur le march\u00e9. Mercredi dernier, un \u00e9quipage de la\u00a0<a href=\"http:\/\/www.lefigaro.fr\/marseille\/ils-ont-reussi-a-nous-diviser-a-marseille-la-police-municipale-tente-de-se-remobiliser-face-a-son-administration-20241206\" data-fig-type=\"NewsFlash\" data-gtm-custom-categorie=\"navigation\" data-gtm-custom-action=\"crossclick\" data-gtm-custom-label=\"Contextuel\" data-gtm-event=\"customEventSPE\" data-fig-domain=\"LEFIGARO\" rel=\"nofollow noopener\" target=\"_blank\">police municipale marseillaise<\/a>\u00a0\u00e0 scooter a intercept\u00e9 un camion rempli de baskets de contrefa\u00e7on qui s\u2019appr\u00eataient \u00e0 \u00eatre livr\u00e9es au March\u00e9 du soleil, dans le 2e arrondissement.<\/p>\n<p class=\"fig-paragraph\">Comme indiqu\u00e9 au Figaro de sources concordantes, qui confirment une information de\u00a0<a href=\"https:\/\/maritima.fr\/actualites\/faits-divers\/marseille\/8038\/marseille-600-paires-de-basket-de-contrefacon-decouvertes-devant-le-marche-du-soleil\" target=\"_blank\" rel=\"sponsored noopener nofollow\" data-gtm-custom-categorie=\"navigation\" data-gtm-custom-action=\"crossclick\" data-gtm-custom-label=\"Contextuel\" data-gtm-event=\"customEventSPE\">Maritima<\/a>, les agents municipaux se rendaient au niveau de la porte d\u2019Aix dans le cadre d\u2019une mission de fluidification de la circulation lorsqu\u2019ils sont tomb\u00e9s sur un camion qui bloquait la circulation. Proc\u00e9dant \u00e0 son contr\u00f4le, les policiers se sont rendu compte qu\u2019il contenait de la marchandise illicite.<\/p>\n<p>                                    <a class=\"fig-a11y-skip a11y-hidden\" href=\"#fig-a11y-skip-main-inarticle\"><br \/>\n        Passer la publicit\u00e9<br \/>\n    <\/a><\/p>\n<p>Convocation devant la justice<\/p>\n<p class=\"fig-paragraph\">\u00c0 l\u2019int\u00e9rieur\u00a0: plus de 600 paires de baskets imitant une c\u00e9l\u00e8bre marque am\u00e9ricaine. Pr\u00e8s de 1400 euros d\u2019argent liquide ont \u00e9galement \u00e9t\u00e9 saisis par les forces de l\u2019ordre, qui ont proc\u00e9d\u00e9 \u00e0 l\u2019interpellation du conducteur. Ce dernier a \u00e9t\u00e9 remis \u00e0 la police nationale, qui l\u2019a plac\u00e9 en garde \u00e0 vue. Il a fait l\u2019objet d\u2019une convocation par officier de police judiciaire (COPJ) et devrait compara\u00eetre devant le tribunal correctionnel de Marseille en janvier 2026.<\/p>\n","protected":false},"excerpt":{"rendered":"En patrouille dans le centre de la ville, les agents sont tomb\u00e9s sur un camion qui bloquait la&hellip;\n","protected":false},"author":2,"featured_media":243504,"comment_status":"","ping_status":"","sticky":false,"template":"","format":"standard","meta":{"footnotes":""},"categories":[2814],"tags":[1111,11,38314,1777,674,1011,27,884,12,2872,882,25],"class_list":{"0":"post-243503","1":"post","2":"type-post","3":"status-publish","4":"format-standard","5":"has-post-thumbnail","7":"category-marseille","8":"tag-actu","9":"tag-actualites","10":"tag-contrefacon","11":"tag-eu","12":"tag-europe","13":"tag-fr","14":"tag-france","15":"tag-marseille","16":"tag-news","17":"tag-police-municipale","18":"tag-provence-alpes-cote-dazur","19":"tag-republique-francaise"},"share_on_mastodon":{"url":"https:\/\/pubeurope.com\/@fr\/114836928152436830","error":""},"_links":{"self":[{"href":"https:\/\/www.europesays.com\/fr\/wp-json\/wp\/v2\/posts\/243503","targetHints":{"allow":["GET"]}}],"collection":[{"href":"https:\/\/www.europesays.com\/fr\/wp-json\/wp\/v2\/posts"}],"about":[{"href":"https:\/\/www.europesays.com\/fr\/wp-json\/wp\/v2\/types\/post"}],"author":[{"embeddable":true,"href":"https:\/\/www.europesays.com\/fr\/wp-json\/wp\/v2\/users\/2"}],"replies":[{"embeddable":true,"href":"https:\/\/www.europesays.com\/fr\/wp-json\/wp\/v2\/comments?post=243503"}],"version-history":[{"count":0,"href":"https:\/\/www.europesays.com\/fr\/wp-json\/wp\/v2\/posts\/243503\/revisions"}],"wp:featuredmedia":[{"embeddable":true,"href":"https:\/\/www.europesays.com\/fr\/wp-json\/wp\/v2\/media\/243504"}],"wp:attachment":[{"href":"https:\/\/www.europesays.com\/fr\/wp-json\/wp\/v2\/media?parent=243503"}],"wp:term":[{"taxonomy":"category","embeddable":true,"href":"https:\/\/www.europesays.com\/fr\/wp-json\/wp\/v2\/categories?post=243503"},{"taxonomy":"post_tag","embeddable":true,"href":"https:\/\/www.europesays.com\/fr\/wp-json\/wp\/v2\/tags?post=243503"}],"curies":[{"name":"wp","href":"https:\/\/api.w.org\/{rel}","templated":true}]}}