{"id":243505,"date":"2025-07-11T22:20:16","date_gmt":"2025-07-11T22:20:16","guid":{"rendered":"https:\/\/www.europesays.com\/fr\/243505\/"},"modified":"2025-07-11T22:20:16","modified_gmt":"2025-07-11T22:20:16","slug":"le-futur-tram-t8-une-bonne-nouvelle-pour-les-habitants-du-sud-de-vaulx-en-velin","status":"publish","type":"post","link":"https:\/\/www.europesays.com\/fr\/243505\/","title":{"rendered":"le futur tram T8, une bonne nouvelle pour les habitants du sud de Vaulx-en-Velin"},"content":{"rendered":"<p>Deux salles, deux ambiances. Alors qu\u2019\u00e0 Saint-Priest, la r\u00e9union de concertation sur le futur tram T8 a soulev\u00e9 la frustration des habitants qui ne sont pas consult\u00e9s pour le trac\u00e9 mais pour l\u2019emplacement des stations\u00a0; \u00e0 Vaulx-en-Velin, les participants accueillent avec enthousiasme le projet.<\/p>\n<p>Une trentaine d\u2019habitants du sud vaudais se sont d\u00e9plac\u00e9s, ce mercredi, \u00e0 la mairie annexe pour s\u2019exprimer.<\/p>\n<p>&gt;&gt;\u00a0<a href=\"https:\/\/www.leprogres.fr\/transport\/2025\/07\/10\/futur-tram-t8-le-trace-est-deja-acte-des-habitants-de-saint-priest-denoncent-un-simulacre-de-concertation\" target=\"_blank\" rel=\"noopener\"><strong>Futur tram T8\u00a0: le trac\u00e9&#8230;<\/strong><\/a><\/p>\n","protected":false},"excerpt":{"rendered":"Deux salles, deux ambiances. Alors qu\u2019\u00e0 Saint-Priest, la r\u00e9union de concertation sur le futur tram T8 a soulev\u00e9&hellip;\n","protected":false},"author":2,"featured_media":243506,"comment_status":"","ping_status":"","sticky":false,"template":"","format":"standard","meta":{"footnotes":""},"categories":[1889],"tags":[1111,11,2430,3152,1777,674,1011,27,2428,12,25,2429,2803,5070,5449],"class_list":{"0":"post-243505","1":"post","2":"type-post","3":"status-publish","4":"format-standard","5":"has-post-thumbnail","7":"category-lyon","8":"tag-actu","9":"tag-actualites","10":"tag-auvergne-rhone-alpes","11":"tag-edition-est-lyonnais","12":"tag-eu","13":"tag-europe","14":"tag-fr","15":"tag-france","16":"tag-lyon","17":"tag-news","18":"tag-republique-francaise","19":"tag-rhone","20":"tag-transport","21":"tag-vaulx-en-velin","22":"tag-vaulx-ville"},"share_on_mastodon":{"url":"https:\/\/pubeurope.com\/@fr\/114836932442655827","error":""},"_links":{"self":[{"href":"https:\/\/www.europesays.com\/fr\/wp-json\/wp\/v2\/posts\/243505","targetHints":{"allow":["GET"]}}],"collection":[{"href":"https:\/\/www.europesays.com\/fr\/wp-json\/wp\/v2\/posts"}],"about":[{"href":"https:\/\/www.europesays.com\/fr\/wp-json\/wp\/v2\/types\/post"}],"author":[{"embeddable":true,"href":"https:\/\/www.europesays.com\/fr\/wp-json\/wp\/v2\/users\/2"}],"replies":[{"embeddable":true,"href":"https:\/\/www.europesays.com\/fr\/wp-json\/wp\/v2\/comments?post=243505"}],"version-history":[{"count":0,"href":"https:\/\/www.europesays.com\/fr\/wp-json\/wp\/v2\/posts\/243505\/revisions"}],"wp:featuredmedia":[{"embeddable":true,"href":"https:\/\/www.europesays.com\/fr\/wp-json\/wp\/v2\/media\/243506"}],"wp:attachment":[{"href":"https:\/\/www.europesays.com\/fr\/wp-json\/wp\/v2\/media?parent=243505"}],"wp:term":[{"taxonomy":"category","embeddable":true,"href":"https:\/\/www.europesays.com\/fr\/wp-json\/wp\/v2\/categories?post=243505"},{"taxonomy":"post_tag","embeddable":true,"href":"https:\/\/www.europesays.com\/fr\/wp-json\/wp\/v2\/tags?post=243505"}],"curies":[{"name":"wp","href":"https:\/\/api.w.org\/{rel}","templated":true}]}}