{"id":243507,"date":"2025-07-11T22:21:15","date_gmt":"2025-07-11T22:21:15","guid":{"rendered":"https:\/\/www.europesays.com\/fr\/243507\/"},"modified":"2025-07-11T22:21:15","modified_gmt":"2025-07-11T22:21:15","slug":"football-lyon-bien-autorise-a-jouer-la-ligue-europa-pour-le-plus-grand-malheur-de-crystal-palace","status":"publish","type":"post","link":"https:\/\/www.europesays.com\/fr\/243507\/","title":{"rendered":"Football : Lyon bien autoris\u00e9 \u00e0 jouer la Ligue Europa\u2026 pour le plus grand malheur de Crystal Palace"},"content":{"rendered":"<p class=\"paragraph text_align_left lp-f-body-02\"><a href=\"https:\/\/www.leparisien.fr\/sports\/football\/ligue-1\/ils-vont-etre-obliges-de-vendre-les-gros-salaires-lyon-maintenu-en-ligue-1-mais-au-pain-sec-et-a-leau-10-07-2025-NTRAKMZ7AFAIZOBZFKBBQTQVKY.php\" target=\"_blank\" rel=\"noreferrer nofollow noopener\">Rep\u00each\u00e9 in extremis en Ligue 1<\/a>, l\u2019Olympique Lyonnais sera bien inscrit en Ligue Europa, a annonc\u00e9 vendredi l\u2019UEFA qui a \u00e9galement d\u00e9cid\u00e9 de r\u00e9trograder Crystal Palace en Ligue Conf\u00e9rence au nom de la r\u00e8gle sur la multipropri\u00e9t\u00e9, les deux clubs ayant partag\u00e9 le m\u00eame actionnaire, <a href=\"https:\/\/www.leparisien.fr\/sports\/football\/coupe-du-monde-des-clubs\/multipropriete-transferts-arranges-et-far-west-de-lyon-a-botafogo-bienvenue-dans-la-galaxie-de-john-textor-18-06-2025-GR6HRP6HYRE55ARG2YKZAX5TZU.php\" target=\"_blank\" rel=\"noreferrer nofollow noopener\">un certain John Textor.<\/a><\/p>\n<p class=\"paragraph text_align_left lp-f-body-02\">L\u2019OL \u00ab ne sera pas exclu \u00bb de la C3 apr\u00e8s la d\u00e9cision mercredi de la commission d\u2019appel de la Direction nationale de contr\u00f4le et de gestion (DNCG) ne pas rel\u00e9guer administrativement le club en Ligue 2, a expliqu\u00e9 l\u2019organe de contr\u00f4le financier des clubs (CFCB) dans un communiqu\u00e9.<\/p>\n<p>Les deux clubs d\u00e9partag\u00e9s par leur classement national<\/p>\n<p class=\"paragraph text_align_left lp-f-body-02\">Mais Lyon et Crystal Palace enfreignaient les r\u00e8gles UEFA de la multipropri\u00e9t\u00e9 en \u00e9tant contr\u00f4l\u00e9s tous deux par Eagle Football. Un conflit d\u2019int\u00e9r\u00eat fr\u00e9quents dans le football europ\u00e9en. Pour s\u2019\u00e9viter un tel d\u00e9sagr\u00e9ment, il aurait fallu r\u00e9aliser quelques modifications administratives, comme l\u2019ont fait les propri\u00e9taires saoudiens aux commandes de Manchester City et G\u00e9rone, ou encore Ineos avec Manchester United et Nice. John Textor n\u2019a pas pris cette pr\u00e9caution. Or, si depuis le fantasque homme d\u2019affaires a annonc\u00e9 la vente de ses parts dans le club londonien, <a href=\"https:\/\/www.leparisien.fr\/sports\/football\/ligue-1\/football-john-textor-revend-ses-parts-de-crystal-palace-a-la-veille-dun-rendez-vous-crucial-pour-lol-23-06-2025-UGXTTWD7ERAVNF6ADZKT6QSJQE.php\" target=\"_blank\" rel=\"noreferrer nofollow noopener\">la transaction n\u2019a pas encore \u00e9t\u00e9 r\u00e9alis\u00e9e<\/a>.<\/p>\n<p class=\"paragraph text_align_left lp-f-body-02\">Par cons\u00e9quent, il fallait qu\u2019un des deux clubs bascule dans la coupe inf\u00e9rieure. Il s\u2019agira de Crystal Palace. Qualifi\u00e9 pour la C3 gr\u00e2ce \u00e0 sa victoire historique &#8211; il s\u2019agit du premier titre du club &#8211; en Coupe d\u2019Angleterre face \u00e0 City mais oblig\u00e9 de c\u00e9der sa place en raison d\u2019un point de r\u00e8glement tr\u00e8s pr\u00e9cis, le classement dans son championnat national. Palace a fini 12e de Premier League, Lyon 6e de <a href=\"https:\/\/www.leparisien.fr\/sports\/football\/ligue-1\/\" target=\"_blank\" rel=\"noreferrer nofollow noopener\">Ligue 1<\/a>.<\/p>\n","protected":false},"excerpt":{"rendered":"Rep\u00each\u00e9 in extremis en Ligue 1, l\u2019Olympique Lyonnais sera bien inscrit en Ligue Europa, a annonc\u00e9 vendredi l\u2019UEFA&hellip;\n","protected":false},"author":2,"featured_media":243508,"comment_status":"","ping_status":"","sticky":false,"template":"","format":"standard","meta":{"footnotes":""},"categories":[1889],"tags":[1111,11,2430,1777,674,63,1011,27,66,2428,12,25,60],"class_list":{"0":"post-243507","1":"post","2":"type-post","3":"status-publish","4":"format-standard","5":"has-post-thumbnail","7":"category-lyon","8":"tag-actu","9":"tag-actualites","10":"tag-auvergne-rhone-alpes","11":"tag-eu","12":"tag-europe","13":"tag-football","14":"tag-fr","15":"tag-france","16":"tag-ligue-1","17":"tag-lyon","18":"tag-news","19":"tag-republique-francaise","20":"tag-sports"},"share_on_mastodon":{"url":"https:\/\/pubeurope.com\/@fr\/114836935946608504","error":""},"_links":{"self":[{"href":"https:\/\/www.europesays.com\/fr\/wp-json\/wp\/v2\/posts\/243507","targetHints":{"allow":["GET"]}}],"collection":[{"href":"https:\/\/www.europesays.com\/fr\/wp-json\/wp\/v2\/posts"}],"about":[{"href":"https:\/\/www.europesays.com\/fr\/wp-json\/wp\/v2\/types\/post"}],"author":[{"embeddable":true,"href":"https:\/\/www.europesays.com\/fr\/wp-json\/wp\/v2\/users\/2"}],"replies":[{"embeddable":true,"href":"https:\/\/www.europesays.com\/fr\/wp-json\/wp\/v2\/comments?post=243507"}],"version-history":[{"count":0,"href":"https:\/\/www.europesays.com\/fr\/wp-json\/wp\/v2\/posts\/243507\/revisions"}],"wp:featuredmedia":[{"embeddable":true,"href":"https:\/\/www.europesays.com\/fr\/wp-json\/wp\/v2\/media\/243508"}],"wp:attachment":[{"href":"https:\/\/www.europesays.com\/fr\/wp-json\/wp\/v2\/media?parent=243507"}],"wp:term":[{"taxonomy":"category","embeddable":true,"href":"https:\/\/www.europesays.com\/fr\/wp-json\/wp\/v2\/categories?post=243507"},{"taxonomy":"post_tag","embeddable":true,"href":"https:\/\/www.europesays.com\/fr\/wp-json\/wp\/v2\/tags?post=243507"}],"curies":[{"name":"wp","href":"https:\/\/api.w.org\/{rel}","templated":true}]}}