{"id":24351,"date":"2025-04-14T13:35:08","date_gmt":"2025-04-14T13:35:08","guid":{"rendered":"https:\/\/www.europesays.com\/fr\/24351\/"},"modified":"2025-04-14T13:35:08","modified_gmt":"2025-04-14T13:35:08","slug":"un-bruit-dexplosion-surprend-des-habitants-au-nord-de-toulouse-de-quoi-sagissait-il","status":"publish","type":"post","link":"https:\/\/www.europesays.com\/fr\/24351\/","title":{"rendered":"Un \u00ab\u00a0bruit d&rsquo;explosion\u00a0\u00bb surprend des habitants au nord de Toulouse : de quoi s&rsquo;agissait-il\u00a0?"},"content":{"rendered":"<p>            Par<br \/>\n        <strong><br \/>\n            <a href=\"https:\/\/actu.fr\/auteur\/marie-lamarque\" title=\"Consulter tous les articles de Marie Lamarque\" rel=\"nofollow noopener\" target=\"_blank\">Marie Lamarque<\/a><br \/>\n        <\/strong><\/p>\n<p>        Publi\u00e9 le<\/p>\n<p>            14 avr. 2025 \u00e0 11h10        <\/p>\n<p>\u00ab\u00a0Quelqu\u2019un a entendu <strong>le bruit d\u2019explosion<\/strong> il y a quelques minutes ?\u00a0\u00bb, demande cet habitant sur les r\u00e9seaux sociaux. \u00ab\u00a0Ah je n\u2019ai pas r\u00eav\u00e9 ?\u00a0\u00bb, r\u00e9pond un autre. Plus de peur que de mal, il est d\u00fb \u00e0 un <strong>camion qui a pris feu<\/strong> dans la commune de Castelmaurou, au nord-est de <a href=\"https:\/\/actu.fr\/toulouse\/\" rel=\"nofollow noopener\" target=\"_blank\">Toulouse<\/a>.<\/p>\n<p class=\" wall-content\"><strong>Le poids-lourd, servant de v\u00e9hicule \u00e9cole, a \u00e9t\u00e9 touch\u00e9 par les flammes<\/strong> au niveau de sa remorque. Les pompiers sont mobilis\u00e9s sur place depuis 9h45 ce lundi 14 avril 2025.<\/p>\n<p>La circulation perturb\u00e9e<\/p>\n<p class=\" wall-content\">La circulation est perturb\u00e9e sur une portion de la route d\u2019Albi, pr\u00e9cis\u00e9ment au niveau du chemin des Laques.<\/p>\n<p>    <a href=\"https:\/\/www.google.com\/maps\/embed?pb=!1m18!1m12!1m3!1d11540.914683211353!2d1.5331272031651106!3d43.68500920804274!2m3!1f0!2f0!3f0!3m2!1i1024!2i768!4f13.1!3m3!1m2!1s0x12ae98c3d4f78343%3A0x156f4800b09aa145!2sRte%20d%27Albi%2C%20Castelmaurou!5e0!3m2!1sfr!2sfr!4v1744620074663!5m2!1sfr!2sfr\" title=\"Ouvrie le lien\" rel=\"nofollow noopener\" target=\"_blank\">Cliquez ici pour visualiser le contenu<\/a><\/p>\n<p class=\" wall-content\">Le camion transporte \u00ab\u00a0des blocs de b\u00e9ton\u00a0\u00bb, indique le Service d\u00e9partemental d\u2019incendie et de secours (SDIS) de la Haute-Garonne.\u00a0<\/p>\n<p>Vid\u00e9os : en ce moment sur Actu<\/p>\n<p class=\" wall-content\">Le feu qui touchait sa remorque \u00ab\u00a0a \u00e9t\u00e9 rapidement \u00e9teint [\u2026] au moyen de deux lances \u00e0 eau\u00a0\u00bb.<\/p>\n<p>Une personne l\u00e9g\u00e8rement bless\u00e9e<\/p>\n<p class=\" wall-content\">Au cours de cette intervention, six personnes ont \u00e9t\u00e9 prises en charge par les secours. <strong>L\u2019une d\u2019entre elles a \u00e9t\u00e9 l\u00e9g\u00e8rement bless\u00e9e<\/strong>.<\/p>\n<p class=\" wall-content\">En tout,<strong> 16 pompiers ont \u00e9t\u00e9 mobilis\u00e9s<\/strong>, ainsi que quatre engins de secours.<\/p>\n<p class=\" wall-content\">Suivez toute l\u2019actualit\u00e9 de vos villes et m\u00e9dias favoris en vous inscrivant \u00e0 <a href=\"https:\/\/moncompte.actu.fr\" title=\"D\u00e9couvez Mon Actu\" rel=\"nofollow noopener\" data-trk=\"{&quot;cta&quot;:{&quot;action&quot;:&quot;https:\\\/\\\/moncompte.actu.fr&quot;,&quot;category&quot;:&quot;mon compte&quot;,&quot;from&quot;:&quot;article footer&quot;,&quot;name&quot;:&quot;Mon actu&quot;,&quot;type&quot;:&quot;cta&quot;}}\" target=\"_blank\">Mon Actu<\/a>.<\/p>\n","protected":false},"excerpt":{"rendered":"Par Marie Lamarque Publi\u00e9 le 14 avr. 2025 \u00e0 11h10 \u00ab\u00a0Quelqu\u2019un a entendu le bruit d\u2019explosion il y&hellip;\n","protected":false},"author":2,"featured_media":24352,"comment_status":"","ping_status":"","sticky":false,"template":"","format":"standard","meta":{"footnotes":""},"categories":[2816],"tags":[1111,11,1777,674,118,1011,27,1310,12,2680,1311,25,2312],"class_list":{"0":"post-24351","1":"post","2":"type-post","3":"status-publish","4":"format-standard","5":"has-post-thumbnail","7":"category-toulouse","8":"tag-actu","9":"tag-actualites","10":"tag-eu","11":"tag-europe","12":"tag-faits-divers","13":"tag-fr","14":"tag-france","15":"tag-incendie","16":"tag-news","17":"tag-occitanie","18":"tag-pompiers","19":"tag-republique-francaise","20":"tag-toulouse"},"share_on_mastodon":{"url":"https:\/\/pubeurope.com\/@fr\/114336584455503539","error":""},"_links":{"self":[{"href":"https:\/\/www.europesays.com\/fr\/wp-json\/wp\/v2\/posts\/24351","targetHints":{"allow":["GET"]}}],"collection":[{"href":"https:\/\/www.europesays.com\/fr\/wp-json\/wp\/v2\/posts"}],"about":[{"href":"https:\/\/www.europesays.com\/fr\/wp-json\/wp\/v2\/types\/post"}],"author":[{"embeddable":true,"href":"https:\/\/www.europesays.com\/fr\/wp-json\/wp\/v2\/users\/2"}],"replies":[{"embeddable":true,"href":"https:\/\/www.europesays.com\/fr\/wp-json\/wp\/v2\/comments?post=24351"}],"version-history":[{"count":0,"href":"https:\/\/www.europesays.com\/fr\/wp-json\/wp\/v2\/posts\/24351\/revisions"}],"wp:featuredmedia":[{"embeddable":true,"href":"https:\/\/www.europesays.com\/fr\/wp-json\/wp\/v2\/media\/24352"}],"wp:attachment":[{"href":"https:\/\/www.europesays.com\/fr\/wp-json\/wp\/v2\/media?parent=24351"}],"wp:term":[{"taxonomy":"category","embeddable":true,"href":"https:\/\/www.europesays.com\/fr\/wp-json\/wp\/v2\/categories?post=24351"},{"taxonomy":"post_tag","embeddable":true,"href":"https:\/\/www.europesays.com\/fr\/wp-json\/wp\/v2\/tags?post=24351"}],"curies":[{"name":"wp","href":"https:\/\/api.w.org\/{rel}","templated":true}]}}