{"id":243513,"date":"2025-07-11T22:25:14","date_gmt":"2025-07-11T22:25:14","guid":{"rendered":"https:\/\/www.europesays.com\/fr\/243513\/"},"modified":"2025-07-11T22:25:14","modified_gmt":"2025-07-11T22:25:14","slug":"bob-dylan-de-retour-a-paris-pour-deux-concerts-a-lautomne","status":"publish","type":"post","link":"https:\/\/www.europesays.com\/fr\/243513\/","title":{"rendered":"Bob Dylan de retour \u00e0 Paris pour deux concerts \u00e0 l\u2019automne"},"content":{"rendered":"<p class=\"paragraph text_align_left lp-f-body-02\">C\u2019est une histoire sans fin. Une tourn\u00e9e qui ne s\u2019arr\u00eate jamais. <a href=\"https:\/\/www.leparisien.fr\/culture-loisirs\/musique\/jai-vu-bob-apres-le-concert-je-lai-felicite-on-a-assiste-au-retour-de-dylan-a-paris-avec-hugues-aufray-25-10-2024-ZCSZRQ57CRB2TIIZWSFIYKO6V4.php\" target=\"_blank\" rel=\"noreferrer nofollow noopener\">Bob Dylan<\/a> est toujours et encore sur la route. \u00c0 84 ans, le musicien am\u00e9ricain n\u2019en finit pas de donner des concerts devant une foule de fans qui retiennent leur souffle, observent le moindre de ses faits et gestes et attendent f\u00e9brilement de savoir ce qu\u2019il va jouer ce soir, et de quelle fa\u00e7on.<\/p>\n<p class=\"paragraph text_align_left lp-f-body-02\">Une exp\u00e9rience unique, un concert de Bob Dylan o\u00f9 contrairement \u00e0 ses camarades, la l\u00e9gende ne fait pas toujours l\u2019effort de chanter ses classiques incontournables et pr\u00e9f\u00e8re aller puiser dans son r\u00e9pertoire gargantuesque des tr\u00e9sors cach\u00e9s.<\/p>\n<p class=\"paragraph text_align_left lp-f-body-02\">Mais, comme tous les artistes mythiques, il faut le voir au moins une fois dans sa vie. \u00c7a tombe bien. Bob Dylan revient en France dans quelques mois. Sa production vient d\u2019annoncer ce jeudi apr\u00e8s-midi deux shows qui auront lieu \u00e0 Paris \u00e0 l\u2019automne.<\/p>\n<p>Les billets en vente le 18 juillet<\/p>\n<p class=\"paragraph text_align_left lp-f-body-02\">Alors qu\u2019il r\u00e9alise actuellement une tourn\u00e9e estivale aux \u00c9tats-Unis, le guitariste pianiste chanteur sera les 30 et 31 octobre au Palais des Congr\u00e8s. Ce sera presque un an pile jour pour jour apr\u00e8s son dernier passage \u00e0 la Seine Musicale en 2024.<\/p>\n<p class=\"paragraph text_align_left lp-f-body-02\">\u00c0 l\u2019\u00e9poque, nous \u00e9tions dans la salle avec son ami fran\u00e7ais Hugues Aufray qui a \u00e9t\u00e9 l\u2019un des premiers chez nous \u00e0 d\u00e9fendre son homologue am\u00e9ricain \u00e0 ses d\u00e9buts. \u00ab J\u2019ai vu Bob apr\u00e8s le concert, nous avait-il confi\u00e9s le lendemain. Il savait que j\u2019\u00e9tais l\u00e0, je pense, par son bassiste et chef d\u2019orchestre, Tony Garnier, qui m\u2019aime bien. Et il a demand\u00e9 que je vienne le voir. On se conna\u00eet depuis plus de cinquante ans, il est venu chez moi, moi chez lui aux \u00c9tats-Unis, mais je ne veux pas le d\u00e9ranger quand il passe \u00e0 Paris. Je ne demande jamais \u00e0 aller le saluer. \u00bb Hugues Aufray sera de nouveau l\u00e0, \u00e0 coup s\u00fbr, pour ses deux concerts dont les billets seront mis en vente le 18 juillet.<\/p>\n","protected":false},"excerpt":{"rendered":"C\u2019est une histoire sans fin. Une tourn\u00e9e qui ne s\u2019arr\u00eate jamais. Bob Dylan est toujours et encore sur&hellip;\n","protected":false},"author":2,"featured_media":243514,"comment_status":"","ping_status":"","sticky":false,"template":"","format":"standard","meta":{"footnotes":""},"categories":[1888],"tags":[1111,1928,11,1927,872,1777,674,1011,27,873,12,1926,626,1925,25],"class_list":{"0":"post-243513","1":"post","2":"type-post","3":"status-publish","4":"format-standard","5":"has-post-thumbnail","7":"category-paris","8":"tag-actu","9":"tag-actu-paris","10":"tag-actualites","11":"tag-actualites-paris","12":"tag-culture-et-loisirs","13":"tag-eu","14":"tag-europe","15":"tag-fr","16":"tag-france","17":"tag-musique","18":"tag-news","19":"tag-news-paris","20":"tag-paris","21":"tag-paris-news","22":"tag-republique-francaise"},"share_on_mastodon":{"url":"https:\/\/pubeurope.com\/@fr\/114836951949050758","error":""},"_links":{"self":[{"href":"https:\/\/www.europesays.com\/fr\/wp-json\/wp\/v2\/posts\/243513","targetHints":{"allow":["GET"]}}],"collection":[{"href":"https:\/\/www.europesays.com\/fr\/wp-json\/wp\/v2\/posts"}],"about":[{"href":"https:\/\/www.europesays.com\/fr\/wp-json\/wp\/v2\/types\/post"}],"author":[{"embeddable":true,"href":"https:\/\/www.europesays.com\/fr\/wp-json\/wp\/v2\/users\/2"}],"replies":[{"embeddable":true,"href":"https:\/\/www.europesays.com\/fr\/wp-json\/wp\/v2\/comments?post=243513"}],"version-history":[{"count":0,"href":"https:\/\/www.europesays.com\/fr\/wp-json\/wp\/v2\/posts\/243513\/revisions"}],"wp:featuredmedia":[{"embeddable":true,"href":"https:\/\/www.europesays.com\/fr\/wp-json\/wp\/v2\/media\/243514"}],"wp:attachment":[{"href":"https:\/\/www.europesays.com\/fr\/wp-json\/wp\/v2\/media?parent=243513"}],"wp:term":[{"taxonomy":"category","embeddable":true,"href":"https:\/\/www.europesays.com\/fr\/wp-json\/wp\/v2\/categories?post=243513"},{"taxonomy":"post_tag","embeddable":true,"href":"https:\/\/www.europesays.com\/fr\/wp-json\/wp\/v2\/tags?post=243513"}],"curies":[{"name":"wp","href":"https:\/\/api.w.org\/{rel}","templated":true}]}}