{"id":243517,"date":"2025-07-11T22:27:13","date_gmt":"2025-07-11T22:27:13","guid":{"rendered":"https:\/\/www.europesays.com\/fr\/243517\/"},"modified":"2025-07-11T22:27:13","modified_gmt":"2025-07-11T22:27:13","slug":"notre-objectif-est-de-ramener-la-coupe-a-paris","status":"publish","type":"post","link":"https:\/\/www.europesays.com\/fr\/243517\/","title":{"rendered":"\u00ab Notre objectif est de ramener la coupe \u00e0 Paris \u00bb &#8211;"},"content":{"rendered":"<p>Dimanche soir (21 heures, DAZN, TF1), le PSG affronte<br \/>\nChelsea en finale de la Coupe du monde des clubs. D\u00e9sir\u00e9 Dou\u00e9 veut<br \/>\nencore une fois \u00e9crire l\u2019histoire du PSG.<\/p>\n<p>Apr\u00e8s avoir marqu\u00e9 l\u2019histoire il y a un mois et demi avec son<br \/>\nsucc\u00e8s en finale de la <strong>Ligue des champions<\/strong> contre<br \/>\nl\u2019<strong>Inter Milan<\/strong> (5-0), le <strong>PSG<\/strong><br \/>\npourrait terminer sa saison 2024-2025 avec un nouveau troph\u00e9e, la<br \/>\n<strong>Coupe du monde des clubs<\/strong>. Pour cela, les joueurs<br \/>\nde <strong>Luis Enrique<\/strong> devront se d\u00e9faire de<br \/>\n<strong>Chelsea<\/strong> en finale dimanche soir. Deux jours avant<br \/>\ncette rencontre, \u00e0 l\u2019issue de <a href=\"https:\/\/canal-supporters.com\/plusieurs-joueurs-menages-a-deux-jours-de-chelsea-psg\/\" title=\"\" target=\"_blank\" rel=\"noopener\">l\u2019entra\u00eenement<\/a>, <strong>D\u00e9sir\u00e9 Dou\u00e9<\/strong> s\u2019est<br \/>\npr\u00e9sent\u00e9 devant les journalistes. Dans des propos relay\u00e9s par<br \/>\n<a href=\"https:\/\/www.lequipe.fr\/Football\/Actualites\/-une-occasion-de-marquer-l-histoire-desire-doue-livre-son-regard-sur-la-saison-du-psg-avant-la-finale-de-la-coupe-du-monde-des-clubs\/1577393\" target=\"_blank\" rel=\"noopener\" title=\"\">L\u2019Equipe<\/a>, le<br \/>\nnum\u00e9ro 14 du <strong>PSG<\/strong> s\u2019est pench\u00e9 sur cette finale et<br \/>\nsur l\u2019envie du <strong>PSG<\/strong> d\u2019encore entrer dans<br \/>\nl\u2019histoire.<\/p>\n<p>La finale contre<br \/>\nChelsea<\/p>\n<p>\u00ab\u00a0On conna\u00eet les qualit\u00e9s de <strong>Chelsea<\/strong>,<br \/>\nc\u2019est une tr\u00e8s bonne \u00e9quipe, on a vu leurs matches. Ils ont<br \/>\nbeaucoup de tr\u00e8s bons joueurs. On va essayer d\u2019aborder le match<br \/>\navec la m\u00eame mentalit\u00e9.\u00a0\u00bb<\/p>\n<p>Qu\u2019est-ce que<br \/>\ncela fait quand on vous dit que vous \u00eates<br \/>\ninjouables\u00a0<strong>?<\/strong><\/p>\n<p>\u00ab\u00a0\u00c7a fait plaisir. \u00c7a veut dire qu\u2019on a montr\u00e9 de<br \/>\ngrandes choses sur le terrain, on fait plaisir aussi aux supporters<br \/>\nqui nous regardent. C\u2019est aussi notre objectif, de faire que tout<br \/>\nle monde aime le <strong>PSG<\/strong> par notre football. C\u2019est<br \/>\nquelque chose de magnifique, on doit r\u00e9p\u00e9ter la m\u00eame performance et<br \/>\nles m\u00eames attitudes contre <strong><a href=\"https:\/\/canal-supporters.com\/la-finale-de-la-cdm-des-clubs-diffusee-au-parc-des-princes\/\" title=\"\" target=\"_blank\" rel=\"noopener\">Chelsea<\/a><\/strong>.\u00a0\u00bb<\/p>\n<p>A voir aussi : <a href=\"https:\/\/canal-supporters.com\/psg-real-madrid-la-presse-europeenne-sincline-face-a-la-prestation-parisienne\/\" title=\"\" target=\"_blank\" rel=\"noopener\">PSG \/ Real Madrid \u2013 La presse europ\u00e9enne s\u2019incline face \u00e0<br \/>\nla prestation parisienne<\/a><\/p>\n<p><a href=\"https:\/\/x.com\/CanalSupporters\" target=\"_blank\" rel=\"noopener\" title=\"\">canalsupporters.com<\/a><\/p>\n<p>Comment<br \/>\nfaites-vous pour rester les pieds sur terre ?\u00a0<\/p>\n<p>\u00ab\u00a0C\u2019est une finale, tout peut se passer en finale.<br \/>\nNotre objectif est de ramener la coupe \u00e0 <strong>Paris<\/strong>,<br \/>\nencore une fois, ce serait notre cinqui\u00e8me troph\u00e9e\u00a0(de la<br \/>\nsaison). C\u2019est aussi pour nous une occasion de marquer l\u2019histoire.<br \/>\nEt on va tout faire pour la remporter. L\u2019important, c\u2019est d\u2019aborder<br \/>\ncette finale de la m\u00eame mani\u00e8re que l\u2019on a pr\u00e9par\u00e9 les autres<br \/>\nmatches cette saison.\u00a0\u00bb<\/p>\n<p>La cl\u00e9 du<br \/>\nmatch<\/p>\n<p>\u00ab\u00a0Je ne sais pas, je ne l\u2019ai pas ici\u00a0(sourire).<br \/>\nComme je l\u2019ai dit, on va aborder le match de la meilleure des<br \/>\nmani\u00e8res et tout faire pour gagner. Se battre, car une finale c\u2019est<br \/>\ntoujours un match \u00e0 part, tout peut se passer dans une<br \/>\nfinale.\u00a0\u00bb<\/p>\n<p>Ce que<br \/>\nrepr\u00e9sente cette Coupe du monde des clubs<\/p>\n<p>\u00ab\u00a0C\u2019est un troph\u00e9e majestueux. C\u2019est la premi\u00e8re<br \/>\n\u00e9dition, on a la chance d\u2019y participer. Marquer l\u2019histoire d\u00e8s la<br \/>\npremi\u00e8re \u00e9dition, ce serait magnifique.\u00a0\u00bb<\/p>\n<p>Un possible<br \/>\ncinqui\u00e8me titre cette saison<\/p>\n<p>\u00ab\u00a0Cela voudrait dire que l\u2019on a tout gagn\u00e9 et c\u2019\u00e9tait<br \/>\nnotre objectif cette saison.\u00a0\u00bb<\/p>\n<p>Le statut de<br \/>\nfavori, un avantage <strong>?<\/strong><\/p>\n<p>\u00ab\u00a0Il faut le prouver sur le terrain. On a \u00e9t\u00e9 favoris<br \/>\nsur la plupart des matches de cette comp\u00e9tition et au cours de la<br \/>\nsaison. Mais le plus important est ce que l\u2019on r\u00e9alise sur le<br \/>\nterrain, c\u2019est cela qui nous met en bonnes<br \/>\npositions.\u00a0\u00bb<\/p>\n<p>Echang\u00e9 avec<br \/>\nMbapp\u00e9 apr\u00e8s le match contre le Real <strong>?<\/strong><\/p>\n<p>\u00ab\u00a0Je n\u2019ai pas \u00e9chang\u00e9 avec lui apr\u00e8s le match. Mais<br \/>\ncomme l\u2019avait dit <strong>Ousmane<\/strong> je crois, c\u2019\u00e9tait le<br \/>\n<strong>Real Madrid<\/strong> contre le <strong>PSG<\/strong>, et pas<br \/>\n<strong>Kylian<\/strong> contre le <strong>PSG.<\/strong> On est tr\u00e8s<br \/>\ncontents d\u2019avoir battu le <strong>Real Madrid<\/strong> en<br \/>\ndemi-finales.\u00a0\u00bb<\/p>\n<p>Le bilan de<br \/>\ncette Coupe du monde des clubs<\/p>\n<p>\u00ab\u00a0On a pass\u00e9 beaucoup de bons moments ensemble. On a eu<br \/>\nla chance de pouvoir sortir les uns avec les autres, d\u2019avoir \u00e9t\u00e9<br \/>\ndans diff\u00e9rentes villes et r\u00e9gions des <strong>\u00c9tats-Unis<\/strong>.<br \/>\nC\u2019\u00e9tait super, \u00e7a a renforc\u00e9 nos liens entre<br \/>\nco\u00e9quipiers.\u00a0\u00bb<\/p><\/p>\n","protected":false},"excerpt":{"rendered":"Dimanche soir (21 heures, DAZN, TF1), le PSG affronte Chelsea en finale de la Coupe du monde des&hellip;\n","protected":false},"author":2,"featured_media":243518,"comment_status":"","ping_status":"","sticky":false,"template":"","format":"standard","meta":{"footnotes":""},"categories":[1888],"tags":[11,81,30640,38315,38316,38317,7151,787,1640,1643,1777,674,2396,1011,27,12,626,91,92,93,25,96],"class_list":{"0":"post-243517","1":"post","2":"type-post","3":"status-publish","4":"format-standard","5":"has-post-thumbnail","7":"category-paris","8":"tag-actualites","9":"tag-canal-supporters","10":"tag-cdm-des-clubs","11":"tag-cfc-psg","12":"tag-cfcpsg","13":"tag-chelsea-psg","14":"tag-coupe-du-monde-des-clubs","15":"tag-cs","16":"tag-desire-doue","17":"tag-doue","18":"tag-eu","19":"tag-europe","20":"tag-finale","21":"tag-fr","22":"tag-france","23":"tag-news","24":"tag-paris","25":"tag-paris-saint-germain","26":"tag-paris-sg","27":"tag-psg","28":"tag-republique-francaise","29":"tag-une"},"share_on_mastodon":{"url":"https:\/\/pubeurope.com\/@fr\/114836959601373223","error":""},"_links":{"self":[{"href":"https:\/\/www.europesays.com\/fr\/wp-json\/wp\/v2\/posts\/243517","targetHints":{"allow":["GET"]}}],"collection":[{"href":"https:\/\/www.europesays.com\/fr\/wp-json\/wp\/v2\/posts"}],"about":[{"href":"https:\/\/www.europesays.com\/fr\/wp-json\/wp\/v2\/types\/post"}],"author":[{"embeddable":true,"href":"https:\/\/www.europesays.com\/fr\/wp-json\/wp\/v2\/users\/2"}],"replies":[{"embeddable":true,"href":"https:\/\/www.europesays.com\/fr\/wp-json\/wp\/v2\/comments?post=243517"}],"version-history":[{"count":0,"href":"https:\/\/www.europesays.com\/fr\/wp-json\/wp\/v2\/posts\/243517\/revisions"}],"wp:featuredmedia":[{"embeddable":true,"href":"https:\/\/www.europesays.com\/fr\/wp-json\/wp\/v2\/media\/243518"}],"wp:attachment":[{"href":"https:\/\/www.europesays.com\/fr\/wp-json\/wp\/v2\/media?parent=243517"}],"wp:term":[{"taxonomy":"category","embeddable":true,"href":"https:\/\/www.europesays.com\/fr\/wp-json\/wp\/v2\/categories?post=243517"},{"taxonomy":"post_tag","embeddable":true,"href":"https:\/\/www.europesays.com\/fr\/wp-json\/wp\/v2\/tags?post=243517"}],"curies":[{"name":"wp","href":"https:\/\/api.w.org\/{rel}","templated":true}]}}