{"id":243523,"date":"2025-07-11T22:30:11","date_gmt":"2025-07-11T22:30:11","guid":{"rendered":"https:\/\/www.europesays.com\/fr\/243523\/"},"modified":"2025-07-11T22:30:11","modified_gmt":"2025-07-11T22:30:11","slug":"air-france-sas-bientot-en-code-share-pour-les-usa","status":"publish","type":"post","link":"https:\/\/www.europesays.com\/fr\/243523\/","title":{"rendered":"Air France + SAS bient\u00f4t en code share pour les USA?"},"content":{"rendered":"<p>Lundi 7 juillet, Air France et SAS ont d\u00e9pos\u00e9 une demande conjointe aupr\u00e8s du minist\u00e8re des Transports des \u00c9tats-Unis (DOT) afin d\u2019obtenir l\u2019autorisation de lancer des vols en partage de code entre les USA et la Scandinavie.<\/p>\n<p>La demande initiale pr\u00e9voit l\u2019ajout du code Air France aux vols SAS au d\u00e9part de Copenhague (CPH), Stockholm (ARN) et Oslo (OSL) vers des a\u00e9roports am\u00e9ricains tels qu\u2019Atlanta (ATL), Boston (BOS), Newark (EWR), New York (JFK), Chicago (ORD), Los Angeles (LAX), Miami (MIA) et San Francisco (SFO), entre autres.<\/p>\n<p>Cet accord est un \u00e9l\u00e9ment cl\u00e9 de la strat\u00e9gie d\u2019Air France-KLM visant \u00e0 renforcer sa position en Europe du Nord et \u00e0 optimiser le r\u00e9seau SkyTeam sur le march\u00e9 concurrentiel de l\u2019Atlantique Nord, en am\u00e9liorant la connectivit\u00e9 via les hubs scandinaves de SAS<\/p>\n<p>Suite \u00e0 la r\u00e9cente int\u00e9gration de SAS au sein de SkyTeam, les deux compagnies a\u00e9riennes souhaitent appliquer le code \u00ab AF \u00bb sur les vols transatlantiques de SAS, renfor\u00e7ant ainsi l\u2019alliance. Cela permettra \u00e0 Air France de commercialiser et de vendre des si\u00e8ges sur les vols op\u00e9r\u00e9s par SAS.<\/p>\n<p>La demande porte sur l\u2019autorisation de mettre en \u0153uvre le partage de codes sur des vols directs et avec escale entre n\u2019importe quel point des \u00c9tats-Unis et n\u2019importe quel point de Scandinavie (Danemark, Norv\u00e8ge et Su\u00e8de), ainsi que des points au-del\u00e0 de la r\u00e9gion scandinave. Les deux compagnies poss\u00e8dent d\u00e9j\u00e0 les autorisations de transporteur a\u00e9rien \u00e9tranger n\u00e9cessaires pour exploiter les services d\u00e9crits.<\/p>\n<p>Voir aussi notre article:<\/p>\n<blockquote class=\"wp-embedded-content\" data-secret=\"2cZgQKeQM8\">\n<p><a href=\"https:\/\/mistertravel.news\/2025\/07\/07\/air-france-klm-va-prendre-le-controle-de-sas\/\" target=\"_blank\" rel=\"noopener\">Air France-KLM va prendre le contr\u00f4le de SAS<\/a><\/p>\n<\/blockquote>\n<p>\u00a0<\/p>\n<p>\u00a0<\/p>\n<p>\u00a0<\/p>\n","protected":false},"excerpt":{"rendered":"Lundi 7 juillet, Air France et SAS ont d\u00e9pos\u00e9 une demande conjointe aupr\u00e8s du minist\u00e8re des Transports des&hellip;\n","protected":false},"author":2,"featured_media":243524,"comment_status":"","ping_status":"","sticky":false,"template":"","format":"standard","meta":{"footnotes":""},"categories":[1589],"tags":[11,16236,38318,73,1866,38319,12,38321,36396,38320,1864,1865,1863,308,2692],"class_list":{"0":"post-243523","1":"post","2":"type-post","3":"status-publish","4":"format-standard","5":"has-post-thumbnail","7":"category-etats-unis","8":"tag-actualites","9":"tag-air-france-klm","10":"tag-code-share","11":"tag-etats-unis","12":"tag-etats-unis-damerique","13":"tag-hub","14":"tag-news","15":"tag-partage-de-code","16":"tag-sas","17":"tag-scandinavie","18":"tag-united-states","19":"tag-united-states-of-america","20":"tag-us","21":"tag-usa","22":"tag-vols"},"share_on_mastodon":{"url":"https:\/\/pubeurope.com\/@fr\/114836971371603995","error":""},"_links":{"self":[{"href":"https:\/\/www.europesays.com\/fr\/wp-json\/wp\/v2\/posts\/243523","targetHints":{"allow":["GET"]}}],"collection":[{"href":"https:\/\/www.europesays.com\/fr\/wp-json\/wp\/v2\/posts"}],"about":[{"href":"https:\/\/www.europesays.com\/fr\/wp-json\/wp\/v2\/types\/post"}],"author":[{"embeddable":true,"href":"https:\/\/www.europesays.com\/fr\/wp-json\/wp\/v2\/users\/2"}],"replies":[{"embeddable":true,"href":"https:\/\/www.europesays.com\/fr\/wp-json\/wp\/v2\/comments?post=243523"}],"version-history":[{"count":0,"href":"https:\/\/www.europesays.com\/fr\/wp-json\/wp\/v2\/posts\/243523\/revisions"}],"wp:featuredmedia":[{"embeddable":true,"href":"https:\/\/www.europesays.com\/fr\/wp-json\/wp\/v2\/media\/243524"}],"wp:attachment":[{"href":"https:\/\/www.europesays.com\/fr\/wp-json\/wp\/v2\/media?parent=243523"}],"wp:term":[{"taxonomy":"category","embeddable":true,"href":"https:\/\/www.europesays.com\/fr\/wp-json\/wp\/v2\/categories?post=243523"},{"taxonomy":"post_tag","embeddable":true,"href":"https:\/\/www.europesays.com\/fr\/wp-json\/wp\/v2\/tags?post=243523"}],"curies":[{"name":"wp","href":"https:\/\/api.w.org\/{rel}","templated":true}]}}