{"id":243527,"date":"2025-07-11T22:32:12","date_gmt":"2025-07-11T22:32:12","guid":{"rendered":"https:\/\/www.europesays.com\/fr\/243527\/"},"modified":"2025-07-11T22:32:12","modified_gmt":"2025-07-11T22:32:12","slug":"motogp-allemagne-j1-fabio-di-giannantonio-ducati-1-a-appris-de-marc-marquez-ca-serait-bete-de-ne-pas-letudier","status":"publish","type":"post","link":"https:\/\/www.europesays.com\/fr\/243527\/","title":{"rendered":"MotoGP Allemagne J1, Fabio Di Giannantonio\u00a0(Ducati\/1) a appris de Marc Marquez\u00a0: \u00ab\u00a0\u00c7a serait b\u00eate de ne pas l\u2019\u00e9tudier\u00a0\u00bb"},"content":{"rendered":"<p><strong>Fabio Di Giannantonio,<a href=\"https:\/\/www.paddock-gp.com\/parlons-motogp-mettez-du-respect-sur-fabio-di-giannantonio\/\" target=\"_blank\" rel=\"noopener nofollow\"> l\u2019un des meilleurs \u00ab\u00a0d\u00e9passeurs\u00a0\u00bb du paddock<\/a>, excellent en course et qui p\u00eache grandement en qualifications, \u00e0 peut-\u00eatre trouv\u00e9 la solution en Allemagne. Forc\u00e9ment, ceci le ralentit grandement, car dans notre \u00e8re, partir devant est essentiel pour accrocher un bon r\u00e9sultat. Cette fois, il semble avoir d\u00e9bloqu\u00e9 de la vitesse au Sachsenring, si bien qu\u2019il a devanc\u00e9 le h\u00e9ros Marc Marquez \u2013 ainsi que son fr\u00e8re Alex \u2013 \u00e0 l\u2019issue de cette premi\u00e8re journ\u00e9e. Pourrait-il emp\u00eacher l\u2019octuple champion du monde de s\u2019imposer\u00a0?<\/strong><\/p>\n<p>Di Giannantonio, seul pilote satellite \u00e0 b\u00e9n\u00e9ficier d\u2019une Ducati Desmosedici GP25, a connu un d\u00e9but de saison relativement discret, marqu\u00e9 seulement par quelques podiums mais aucune victoire. Pourtant, il fut \u00e9blouissant ce vendredi en Allemagne, avec un nouveau record du tour \u00e0 la cl\u00e9. \u00ab\u00a0<strong>C\u2019\u00e9tait un bon tour, je suis content de ma journ\u00e9e<\/strong>. J\u2019\u00e9tais rapide dans toutes les conditions, avec les deux pneus, que ce soit sur les simulations de course ou sur un tour. <strong>Je sais que ce n\u2019est que vendredi<\/strong>, mais c\u2019est agr\u00e9able de commencer de cette mani\u00e8re. J\u2019ai essay\u00e9 de maximiser mes points forts\u00a0\u00bb d\u00e9clarait-il pour <a href=\"https:\/\/www.gpone.com\/en\" target=\"_blank\" rel=\"noopener nofollow\">GPOne<\/a>.<\/p>\n<p>\u00a0<\/p>\n<blockquote class=\"twitter-tweet\" data-width=\"550\" data-dnt=\"true\">\n<p lang=\"en\" dir=\"ltr\">New all time lap record \u2611\ufe0f<br \/>P1 in Practice \u2611\ufe0f<\/p>\n<p>What a ride by <a href=\"https:\/\/twitter.com\/FabioDiggia49?ref_src=twsrc%5Etfw\" rel=\"nofollow noopener\" target=\"_blank\">@fabiodiggia49<\/a> today \ud83d\udc4f<a href=\"https:\/\/twitter.com\/hashtag\/GermanGP?src=hash&amp;ref_src=twsrc%5Etfw\" rel=\"nofollow noopener\" target=\"_blank\">#GermanGP<\/a> \ud83c\udde9\ud83c\uddea <a href=\"https:\/\/t.co\/4rHhBmK54g\" rel=\"nofollow\">pic.twitter.com\/4rHhBmK54g<\/a><\/p>\n<p>\u2014 MotoGP\u2122\ud83c\udfc1 (@MotoGP) <a href=\"https:\/\/twitter.com\/MotoGP\/status\/1943673025318080840?ref_src=twsrc%5Etfw\" rel=\"nofollow noopener\" target=\"_blank\">July 11, 2025<\/a><\/p>\n<\/blockquote>\n<p>\u00a0<\/p>\n<p>Le matin, on l\u2019a vu suivre Marc Marquez, sans aucun doute la r\u00e9f\u00e9rence ultime sur cette piste. \u00ab<strong>\u00a0C\u2019est l\u2019un de ses circuits pr\u00e9f\u00e9r\u00e9s<\/strong>. C\u2019est toujours difficile de comprendre ce qu\u2019il fait dans le d\u00e9tail, comment il bouge ses pieds par exemple. J\u2019ai fait de mon mieux pour l\u2019imiter l\u00e0 o\u00f9 j\u2019\u00e9tais plus lent. Logiquement, on essaye toujours d\u2019apprendre des meilleurs. <strong>Quand quelqu\u2019un est meilleur que toi, c\u2019est stupide de ne pas l\u2019\u00e9tudier\u00a0<\/strong>\u00bb ajoutait-il.<\/p>\n<p>\u00a0<\/p>\n<p><img loading=\"lazy\" decoding=\"async\" aria-describedby=\"caption-attachment-1308419\" class=\"size-full wp-image-1308419\" src=\"https:\/\/www.europesays.com\/fr\/wp-content\/uploads\/2025\/07\/54647823638_ea4245e307_c.jpg\" alt=\"Di Giannantonio Allemagne\" width=\"799\" height=\"533\"  \/><\/p>\n<p id=\"caption-attachment-1308419\" class=\"wp-caption-text\">Photo : Michelin Motorsport<\/p>\n<p>\u00a0<\/p>\n<p>Malgr\u00e9 cette premi\u00e8re place inattendue, il garde les pieds sur terre. \u00ab\u00a0<strong>Je ne me concentre pas sur Marc Marquez, mais uniquement sur moi<\/strong>. Il nous faudra d\u2019abord faire une bonne s\u00e9ance de qualifications, puis un bon Sprint. <strong>Nous ne sommes que vendredi, et je ne pense \u00e0 rien d\u2019autre que progresser<\/strong>\u00a0\u00bb concluait-il.<\/p>\n<p>Le pensez-vous capable de chatouiller Marc Marquez une fois les feux \u00e9teints\u00a0?<strong> Dites-le-nous en commentaires\u00a0!<\/strong><\/p>\n<p><strong>R\u00e9sultat de la Practice au Grand Prix d\u2019Allemagne MotoGP 2025\u00a0:<\/strong><\/p>\n<p>\u00a0<\/p>\n<p><img loading=\"lazy\" decoding=\"async\" class=\"aligncenter size-full wp-image-1308265\" src=\"https:\/\/www.europesays.com\/fr\/wp-content\/uploads\/2025\/07\/practice.jpg\" alt=\"\" width=\"800\" height=\"899\"  \/><\/p>\n<p>\u00a0<\/p>\n<p>Cr\u00e9dit classement\u00a0: <a href=\"https:\/\/www.motogp.com\/fr\" target=\"_blank\" rel=\"noopener nofollow\">MotoGP.com<\/a><\/p>\n<p>Photo de couverture\u00a0: Michelin Motorsport<\/p>\n<p>                            <script async src=\"https:\/\/platform.twitter.com\/widgets.js\" charset=\"utf-8\"><\/script><\/p>\n","protected":false},"excerpt":{"rendered":"Fabio Di Giannantonio, l\u2019un des meilleurs \u00ab\u00a0d\u00e9passeurs\u00a0\u00bb du paddock, excellent en course et qui p\u00eache grandement en qualifications,&hellip;\n","protected":false},"author":2,"featured_media":243528,"comment_status":"","ping_status":"","sticky":false,"template":"","format":"standard","meta":{"footnotes":""},"categories":[1587],"tags":[11,672,1804,1805,1803,1777,674,1801,12,1802],"class_list":{"0":"post-243527","1":"post","2":"type-post","3":"status-publish","4":"format-standard","5":"has-post-thumbnail","7":"category-allemagne","8":"tag-actualites","9":"tag-allemagne","10":"tag-bundesrepublik-deutschland","11":"tag-de","12":"tag-deutschland","13":"tag-eu","14":"tag-europe","15":"tag-germany","16":"tag-news","17":"tag-republique-federale-dallemagne"},"share_on_mastodon":{"url":"https:\/\/pubeurope.com\/@fr\/114836979452676633","error":""},"_links":{"self":[{"href":"https:\/\/www.europesays.com\/fr\/wp-json\/wp\/v2\/posts\/243527","targetHints":{"allow":["GET"]}}],"collection":[{"href":"https:\/\/www.europesays.com\/fr\/wp-json\/wp\/v2\/posts"}],"about":[{"href":"https:\/\/www.europesays.com\/fr\/wp-json\/wp\/v2\/types\/post"}],"author":[{"embeddable":true,"href":"https:\/\/www.europesays.com\/fr\/wp-json\/wp\/v2\/users\/2"}],"replies":[{"embeddable":true,"href":"https:\/\/www.europesays.com\/fr\/wp-json\/wp\/v2\/comments?post=243527"}],"version-history":[{"count":0,"href":"https:\/\/www.europesays.com\/fr\/wp-json\/wp\/v2\/posts\/243527\/revisions"}],"wp:featuredmedia":[{"embeddable":true,"href":"https:\/\/www.europesays.com\/fr\/wp-json\/wp\/v2\/media\/243528"}],"wp:attachment":[{"href":"https:\/\/www.europesays.com\/fr\/wp-json\/wp\/v2\/media?parent=243527"}],"wp:term":[{"taxonomy":"category","embeddable":true,"href":"https:\/\/www.europesays.com\/fr\/wp-json\/wp\/v2\/categories?post=243527"},{"taxonomy":"post_tag","embeddable":true,"href":"https:\/\/www.europesays.com\/fr\/wp-json\/wp\/v2\/tags?post=243527"}],"curies":[{"name":"wp","href":"https:\/\/api.w.org\/{rel}","templated":true}]}}