{"id":243529,"date":"2025-07-11T22:33:10","date_gmt":"2025-07-11T22:33:10","guid":{"rendered":"https:\/\/www.europesays.com\/fr\/243529\/"},"modified":"2025-07-11T22:33:10","modified_gmt":"2025-07-11T22:33:10","slug":"terres-rares-et-aimants-chinois-leurope-rivalise","status":"publish","type":"post","link":"https:\/\/www.europesays.com\/fr\/243529\/","title":{"rendered":"Terres rares et aimants chinois, l&rsquo;Europe rivalise"},"content":{"rendered":"<p>\n                                                En ce mois de juillet, ils n&rsquo;ont pas fini de se voir. Europe-Chine et Chine-Europe, les dirigeants des deux puissances mondiales consacrent ce d\u00e9but d&rsquo;\u00e9t\u00e9 \u00e0 red\u00e9finir le commerce qui les unisse. Le prochain sommet Chine-Europe aura lieu le 24 juillet \u00e0 P\u00e9kin. Parmi les discussions, les exportations de minerais chinois. Ce sont ces terres rares, bien qu&rsquo;elles soient en abondance, qui nourrissent l&rsquo;impatience de Bruxelles. D\u00e9but juillet, le commissaire europ\u00e9en au Commerce a somm\u00e9 la d\u00e9l\u00e9gation chinoise, en visite \u00e0 Bruxelles, de faciliter les exportations d&rsquo;aimants appel\u00e9s aimants permanents et des minerais.                    <\/p>\n<p>Halte aux fausses id\u00e9es. Les contre-v\u00e9rit\u00e9s sur les terres rares ne sont pas rares. Surtout lorsque l&rsquo;on parle de voitures et de v\u00e9hicules thermiques et \u00e9lectriques.\u00a0<\/p>\n<p>Si ces m\u00e9taux se retrouvent bien dans les aimants permanents tr\u00e8s utilis\u00e9s dans la fabrication des petits moteurs d&rsquo;accessoires automobiles \u00e9lectriques tels que les l\u00e8ve-vitre, boutons de porti\u00e8re etc, ils servent aussi et surtout \u00e0 fabriquer les turbines de l&rsquo;industrie p\u00e9trochimique, pour fabriquer de l&rsquo;essence et du diesel, donc des voitures thermiques.<\/p>\n<p> <strong>Les aimants permanents monopole chinois \u00a0<\/strong> <\/p>\n<p>L&rsquo;ing\u00e9nieur belge Bernard Deboyser, sp\u00e9cialiste mondial des \u00e9nergies et du transport, est en col\u00e8re. Trop de fausses id\u00e9es circulent, selon lui, dans les m\u00e9dias et le grand public. La premi\u00e8re contre-v\u00e9rit\u00e9 est que les terres rares, un groupe de 17 minerais m\u00e9talliques, se retrouvent toutes dans les batteries \u00e9lectriques. La seconde croyance : il est impossible de rivaliser avec la <a target=\"_self\" href=\"https:\/\/www.rfi.fr\/fr\/tag\/chine\/\" rel=\"noopener\"><strong>Chine<\/strong><\/a>, seule \u00e0 poss\u00e9der ce genre de m\u00e9taux.\u00a0<\/p>\n<p>La Chine poss\u00e8de 69% des terres rares dans le monde. Pour une raison simple, c&rsquo;est qu&rsquo;elle est l&rsquo;un des rares pays \u00e0 extraire ces minerais du sol tout en les raffinant. Puisqu&rsquo;un minerai m\u00e9tallique sorti du sol ne sert \u00e0 rien, ces m\u00e9taux doivent \u00eatre purifi\u00e9s pour servir \u00e0 l&rsquo;industrie. En revanche, elle a un quasi monopole sur les aimants permanents. Elle en assure 90% de la production.<\/p>\n<p>L&rsquo;industrie des terres rares en Chine est une industrie nationalis\u00e9e donc l&rsquo;\u00c9tat peut en restreindre les exportations. Ce qui est arriv\u00e9 l&rsquo;an dernier, et a oblig\u00e9 les grands constructeurs du monde entier \u00e0 s&rsquo;inqui\u00e9ter des p\u00e9nuries et des retards de livraisons. Cependant, on trouve des terres rares ailleurs dans le monde, en Russie, au Vietnam, au Br\u00e9sil, au Portugal, en Serbie et en France, avec une grande usine r\u00e9cente \u00e0 Lacq, dans le sud-ouest du pays.\u00a0<\/p>\n<p class=\"a-read-more\">\u00c0 lire aussi<a target=\"_self\" href=\"https:\/\/www.rfi.fr\/fr\/podcasts\/questions-d-environnement\/20241017-pourquoi-les-terres-rares-ne-sont-ni-en-terre-ni-rares\" class=\"a-read-more__link\" rel=\"noopener\">Pourquoi les \u00abterres rares\u00bb ne sont ni en terre, ni rares?<\/a><\/p>\n<p> <strong>Des aimants permanents sans terres rares\u00a0<\/strong> <\/p>\n<p>Compar\u00e9s \u00e0 la Chine, il est vrai que les <strong><a target=\"_self\" href=\"https:\/\/www.rfi.fr\/fr\/tag\/\u00e9tats-unis\/\" rel=\"noopener\">\u00c9tats-Unis<\/a><\/strong> ou l&rsquo;<a target=\"_self\" href=\"https:\/\/www.rfi.fr\/fr\/tag\/union-europ\u00e9enne\/\" rel=\"noopener\"><strong>Europe<\/strong><\/a> investissent moins dans la production de terres rares. Pour combler cette diff\u00e9rence, les gouvernements am\u00e9ricains et europ\u00e9ens ont eu la m\u00eame id\u00e9e. Un stratag\u00e8me tr\u00e8s simple : se passer de terres rares.\u00a0<\/p>\n<p>Aux \u00c9tats-Unis, l\u2019id\u00e9e a d\u00e9j\u00e0 abouti puisqu\u2019\u00e0 Minneapolis \u2013 dans l&rsquo;\u00c9tat du Minnesota pr\u00e8s de la fronti\u00e8re avec la Canada\u00a0\u2013 une usine pilote, Iron Magnetics, a annonc\u00e9 une ouverture en 2026. En Europe, le m\u00eame concept d&rsquo;aimants sans terres rares est confi\u00e9 \u00e0 un groupe d\u2019ing\u00e9nieurs. Le projet s&rsquo;appelle Projet Passenger.<\/p>\n<p class=\"a-read-more\">\u00c0 lire aussi<a target=\"_self\" href=\"https:\/\/www.rfi.fr\/fr\/environnement\/20250318-terres-rares-la-france-mise-sur-le-recyclage-faute-de-gisements\" class=\"a-read-more__link\" rel=\"noopener\">Terres rares: la France mise sur le recyclage, faute de gisements<\/a><\/p>\n","protected":false},"excerpt":{"rendered":"En ce mois de juillet, ils n&rsquo;ont pas fini de se voir. Europe-Chine et Chine-Europe, les dirigeants des&hellip;\n","protected":false},"author":2,"featured_media":243530,"comment_status":"","ping_status":"","sticky":false,"template":"","format":"standard","meta":{"footnotes":""},"categories":[1586],"tags":[11,1328,309,38323,1777,674,1011,27,12,25,364],"class_list":{"0":"post-243529","1":"post","2":"type-post","3":"status-publish","4":"format-standard","5":"has-post-thumbnail","7":"category-europe","8":"tag-actualites","9":"tag-asie-pacifique","10":"tag-chine","11":"tag-chronique-transports","12":"tag-eu","13":"tag-europe","14":"tag-fr","15":"tag-france","16":"tag-news","17":"tag-republique-francaise","18":"tag-union-europeenne"},"share_on_mastodon":{"url":"https:\/\/pubeurope.com\/@fr\/114836983164374666","error":""},"_links":{"self":[{"href":"https:\/\/www.europesays.com\/fr\/wp-json\/wp\/v2\/posts\/243529","targetHints":{"allow":["GET"]}}],"collection":[{"href":"https:\/\/www.europesays.com\/fr\/wp-json\/wp\/v2\/posts"}],"about":[{"href":"https:\/\/www.europesays.com\/fr\/wp-json\/wp\/v2\/types\/post"}],"author":[{"embeddable":true,"href":"https:\/\/www.europesays.com\/fr\/wp-json\/wp\/v2\/users\/2"}],"replies":[{"embeddable":true,"href":"https:\/\/www.europesays.com\/fr\/wp-json\/wp\/v2\/comments?post=243529"}],"version-history":[{"count":0,"href":"https:\/\/www.europesays.com\/fr\/wp-json\/wp\/v2\/posts\/243529\/revisions"}],"wp:featuredmedia":[{"embeddable":true,"href":"https:\/\/www.europesays.com\/fr\/wp-json\/wp\/v2\/media\/243530"}],"wp:attachment":[{"href":"https:\/\/www.europesays.com\/fr\/wp-json\/wp\/v2\/media?parent=243529"}],"wp:term":[{"taxonomy":"category","embeddable":true,"href":"https:\/\/www.europesays.com\/fr\/wp-json\/wp\/v2\/categories?post=243529"},{"taxonomy":"post_tag","embeddable":true,"href":"https:\/\/www.europesays.com\/fr\/wp-json\/wp\/v2\/tags?post=243529"}],"curies":[{"name":"wp","href":"https:\/\/api.w.org\/{rel}","templated":true}]}}