{"id":243533,"date":"2025-07-11T22:35:11","date_gmt":"2025-07-11T22:35:11","guid":{"rendered":"https:\/\/www.europesays.com\/fr\/243533\/"},"modified":"2025-07-11T22:35:11","modified_gmt":"2025-07-11T22:35:11","slug":"ligue-1-racing-mathis-amougou-est-arrive-pape-diong-et-patrick-ouotro-sur-le-depart-dna-fr","status":"publish","type":"post","link":"https:\/\/www.europesays.com\/fr\/243533\/","title":{"rendered":"Ligue 1. Racing : Mathis Amougou est arriv\u00e9, Pape Diong et Patrick Ouotro sur le d\u00e9part &#8211; DNA.fr"},"content":{"rendered":"<ol>\n<li><a href=\"https:\/\/news.google.com\/rss\/articles\/CBMiiwFBVV95cUxObEFkQ3FIbjJLLWNlSEk3NkZrUUd2MXVQcVVWUXdiYU5Qa0VxQ3BfZTFXZjEwWjROR2NxY1ctaENtWkZWUHdOT1pFbUdXdWNPUHJYYVJUcW9zMDNkWDlnZ01pTHVxeXZ2OUZsT0R1bjNjNHpybEVzTVR5STV3WElTZXVSanRRVFhuWUtR?oc=5\" target=\"_blank\" rel=\"noopener\">Ligue 1. Racing : Mathis Amougou est arriv\u00e9, Pape Diong et Patrick Ouotro sur le d\u00e9part<\/a>&nbsp;&nbsp;DNA.fr<\/li>\n<li><a href=\"https:\/\/news.google.com\/rss\/articles\/CBMipAFBVV95cUxNMXE5MjVfQmxBSnVGdGdodzlkc2o1RlhRbVE5NVVsRlJjQnNnWUJqRW5VUEMzZW45akswRkl2cWVXWkFZY2FzLWx3M0VvWjZXRU5GT05vS3J0eDlWS1p2aFB6SHk2TFN2aEFnbXhNRUlubFp5V182Q2Z6Y1hzRnozeDBIMF9iOHR6U09KR0ZhQWpBQ3NIeXM2Ni1Wb0hsNW1CQUFrbg?oc=5\" target=\"_blank\" rel=\"noopener\">Mercato : Strasbourg recrute Mathis Amougou \u00e0 Chelsea<\/a>&nbsp;&nbsp;L&rsquo;\u00c9quipe<\/li>\n<li><a href=\"https:\/\/news.google.com\/rss\/articles\/CBMi-wFBVV95cUxQWXlYdXRUMUJseVgzeHEwMU1CdzRlVF9WdmszU1Uxc09KcEtuNjh4ZGY4Q2VRcXNCek9ST1Jqajhsa19ELWlBQlNiWTc3NGVfNHFuMEhVeEVTWUpIYVd1UlRfbzJTdUdiYm1OX05LS21EbGRMT2llbHBpQTBnYmVhbERGQTF5eTNVQjlPSjI5U3Z0dEpJSEJiaGcwX3B5dEhGRTB6enROZDFRRE1RdURFeGFwNHdjdWw1anIxTFBoQ0JSZXRJOExSRlBhZHZYYkN5MFVjcUVLaThUZ0lPV0traWtOZTJCVFplQVRxcmduWjRCSnBoelAwdVhUSdIBgAJBVV95cUxNeTBOeUkzbmdTclNQRDFwXzRaLWY5M2U0OVQ4WXlvUjl2RWlfM2QwRTFKZTc4SG5jNWJDZndzRGd3UERlNm1WcDZ0WmVpZk8tSGJ0dVF1NHdMeG5tRUN6U1huM2EwdDhqeVVVYVlncnYwUnEwR014Uk9iNDlheGFtZ05yZU1pazNLeU1oWUlVUHAyaktVc2xHY3pMOXdPcV8tWlFWcUNjbTc0U192Qll1WTlTSmNYQW5RSS13a1QtbFN5WFlhcVlvU3U2WkRnVXJSNEU3SFdDYnVBcGFPNEtUUTNNb0xIMzdKdnI2Rm9iOGhENTJ0U2lBd1pYX1p4MmxW?oc=5\" target=\"_blank\" rel=\"noopener\">Nouveau changement de cha\u00eene pour le match France-Pays-Bas \u00e0 l&rsquo;Euro f\u00e9minin<\/a>&nbsp;&nbsp;Boursorama<\/li>\n<li><a href=\"https:\/\/news.google.com\/rss\/articles\/CBMi1wFBVV95cUxPYWFRTWFxNFE0M1hocHF3d0NXaVV6X1NqUExsZTc4eGpvNUJubDZYNHI5cVdYN3pZVnZZaHpfZXN1ZXJZZDBuaTJwa3ZtcndveEZDQTVzWURNNDBLN2F0M0N0eDBOeUVVY1N6LXc5WG1jeWhvTE5leGRwVGxZUnJ5cE9UM3ZPM2FnMHlYaUVXWEl2RGZxWGNpNGlseHBHbzZad1hQUmxSd1VwZUpodU5KWmc3eDY4RnM4NGw0LUg0QkJuWGtJMXZuRkthSTExTmNUQm9YOTRDTQ?oc=5\" target=\"_blank\" rel=\"noopener\">Mercato &#8211; Une piste lyonnaise pourrait rejoindre un concurrent \u00e0 l&rsquo;Europe<\/a>&nbsp;&nbsp;MadeInGones<\/li>\n<li><a href=\"https:\/\/news.google.com\/rss\/articles\/CBMilwFBVV95cUxPMGJFLVhCSm02WWVUcU9LZXBLSHJzR0xCUE1IcjQ4M2JnU2ZmZ1FVMF9FU3lvNUhHRmdZU2lITnAxYWtpb3BXaFpSVlJHUVBpczRNQ2NIdFJRdk1SelhKcmFCYTA1Rm5vMzVzWTQ0YmVPOHd3T3BrX0xxWUd6QlBTbmkzWnhkcVBRVnJYVjh1Q01JclQzcjVv?oc=5\" target=\"_blank\" rel=\"noopener\">Football &#8211; Ligue 1. Racing : Penders en pole pour succ\u00e9der \u00e0 Petrovic<\/a>&nbsp;&nbsp;L&rsquo;Alsace<\/li>\n<\/ol>\n","protected":false},"excerpt":{"rendered":"Ligue 1. Racing : Mathis Amougou est arriv\u00e9, Pape Diong et Patrick Ouotro sur le d\u00e9part&nbsp;&nbsp;DNA.fr Mercato :&hellip;\n","protected":false},"author":2,"featured_media":243534,"comment_status":"","ping_status":"","sticky":false,"template":"","format":"standard","meta":{"footnotes":""},"categories":[2],"tags":[11,2880,107,63,1011,27,12,9371,25,517,640,2879],"class_list":{"0":"post-243533","1":"post","2":"type-post","3":"status-publish","4":"format-standard","5":"has-post-thumbnail","7":"category-actualites","8":"tag-actualites","9":"tag-edition-strasbourg","10":"tag-fil-info","11":"tag-football","12":"tag-fr","13":"tag-france","14":"tag-news","15":"tag-rcsa-racing-club-strasbourg","16":"tag-republique-francaise","17":"tag-sport","18":"tag-strasbourg","19":"tag-strasbourg-ville"},"share_on_mastodon":{"url":"https:\/\/pubeurope.com\/@fr\/114836991027400232","error":""},"_links":{"self":[{"href":"https:\/\/www.europesays.com\/fr\/wp-json\/wp\/v2\/posts\/243533","targetHints":{"allow":["GET"]}}],"collection":[{"href":"https:\/\/www.europesays.com\/fr\/wp-json\/wp\/v2\/posts"}],"about":[{"href":"https:\/\/www.europesays.com\/fr\/wp-json\/wp\/v2\/types\/post"}],"author":[{"embeddable":true,"href":"https:\/\/www.europesays.com\/fr\/wp-json\/wp\/v2\/users\/2"}],"replies":[{"embeddable":true,"href":"https:\/\/www.europesays.com\/fr\/wp-json\/wp\/v2\/comments?post=243533"}],"version-history":[{"count":0,"href":"https:\/\/www.europesays.com\/fr\/wp-json\/wp\/v2\/posts\/243533\/revisions"}],"wp:featuredmedia":[{"embeddable":true,"href":"https:\/\/www.europesays.com\/fr\/wp-json\/wp\/v2\/media\/243534"}],"wp:attachment":[{"href":"https:\/\/www.europesays.com\/fr\/wp-json\/wp\/v2\/media?parent=243533"}],"wp:term":[{"taxonomy":"category","embeddable":true,"href":"https:\/\/www.europesays.com\/fr\/wp-json\/wp\/v2\/categories?post=243533"},{"taxonomy":"post_tag","embeddable":true,"href":"https:\/\/www.europesays.com\/fr\/wp-json\/wp\/v2\/tags?post=243533"}],"curies":[{"name":"wp","href":"https:\/\/api.w.org\/{rel}","templated":true}]}}