{"id":243538,"date":"2025-07-11T22:38:13","date_gmt":"2025-07-11T22:38:13","guid":{"rendered":"https:\/\/www.europesays.com\/fr\/243538\/"},"modified":"2025-07-11T22:38:13","modified_gmt":"2025-07-11T22:38:13","slug":"le-liv-veut-ses-points-mondiaux","status":"publish","type":"post","link":"https:\/\/www.europesays.com\/fr\/243538\/","title":{"rendered":"Le LIV veut ses points mondiaux !"},"content":{"rendered":"<p>\t\t\t\t\t\t<img width=\"770\" height=\"556\" src=\"https:\/\/www.europesays.com\/fr\/wp-content\/uploads\/2025\/07\/immelman-points-mondiaux-golf-liv-770x556.jpg\" class=\"img-responsive wp-post-image\" alt=\"Immelman-points-mondiaux-golf-liv \u00a9AFP\/Getty\" decoding=\"async\" fetchpriority=\"high\"  \/>\t\t\t\t\t<\/p>\n<p>\t\t\t\t\t\t Partager cet article <\/p>\n<p class=\"screen-reader-text juiz_sps_maybe_hidden_text\">Partager la publication \u00ab\u00a0Le LIV veut ses points mondiaux !\u00a0\u00bb<\/p>\n<p><strong>L\u2019organe en charge d\u2019\u00e9tablir le Classement Mondial a annonc\u00e9 avoir re\u00e7u une nouvelle candidature du LIV Golf. Le circuit financ\u00e9 par le Fonds d\u2019Investissement Public Saoudien (PIF) souhaite que ses tournois soient r\u00e9tribu\u00e9s en point.<\/strong><\/p>\n<p>\u00a0<\/p>\n<p>\u00ab Le conseil d\u2019administration de l\u2019OWGR (Official World Golf Ranking) s\u2019engage \u00e0 mener une \u00e9valuation rigoureuse de toutes les candidatures, et la candidature du LIV sera examin\u00e9e conform\u00e9ment aux crit\u00e8res de l\u2019OWGR afin de garantir l\u2019\u00e9quit\u00e9, l\u2019int\u00e9grit\u00e9 et la coh\u00e9rence \u00bb a \u00e9crit <strong>Trevor Immelman<\/strong>, le pr\u00e9sident du Board.<\/p>\n<p>\u00ab Nous appr\u00e9cions l\u2019int\u00e9r\u00eat de LIV Golf \u2013 et de tous les circuits \u2013 \u00e0 contribuer \u00e0 l\u2019\u00e9cosyst\u00e8me du golf professionnel masculin par l\u2019interm\u00e9diaire de l\u2019OWGR. Des informations compl\u00e9mentaires seront publi\u00e9es au fur et \u00e0 mesure de l\u2019avancement de l\u2019examen. \u00bb\u00a0<\/p>\n<p>\u00a0<\/p>\n<p>1 an et demi plus tard<\/p>\n<p>On se souvient qu\u2019en mars 2024, <strong>Greg<\/strong> <strong>Norman, <\/strong>encore \u00e0 la t\u00eate du circuit dissident, <a href=\"https:\/\/www.golfplanete.com\/actualites\/le-liv-renonce-demande-owgr-classement-mondial-greg-norman\/\" rel=\"nofollow noopener\" target=\"_blank\">avait envoy\u00e9 une lettre aux joueurs du LIV pour expliquer sa d\u00e9cision d\u2019abandonner sa qu\u00eate de points mondiaux<\/a> apr\u00e8s avoir essuy\u00e9 un refus des instances.<\/p>\n<p>\t\t\t\t\t<a id=\"176120\" href=\"https:\/\/www.ticad.de\/en\/ticad-ten\/E610000\" target=\"_blank\" rel=\"sponsorised nofollow noopener\"><img decoding=\"async\" src=\"data:image\/svg+xml,%3Csvg%20xmlns=\" http:=\"\" class=\"img-responsive\" alt=\"\" data-lazy-src=\"https:\/\/www.europesays.com\/fr\/wp-content\/uploads\/2025\/06\/ticad-e01-ticadten-1170x275-1.gif\"\/><\/a><\/p>\n<p>Celles-ci reprochant au circuit de ne pas r\u00e9pondre aux crit\u00e8res d\u2019entr\u00e9e.<\/p>\n<p>\u00ab Il est d\u00e9sormais clair que la meilleure voie \u00e0 suivre pour le LIV en tant que ligue et pour vous en tant que golfeurs du LIV ne passe pas par le syst\u00e8me actuel du classement mondial. Il n\u2019existe plus rien qui assure l\u2019exactitude et l\u2019int\u00e9grit\u00e9 du classement OWGR \u00bb avait argu\u00e9 l\u2019Australien pour expliquer sa position.<\/p>\n<p>\u00a0<\/p>\n<p>\u00a0\u00a9AFP\/Getty<\/p>\n","protected":false},"excerpt":{"rendered":"Partager cet article Partager la publication \u00ab\u00a0Le LIV veut ses points mondiaux !\u00a0\u00bb L\u2019organe en charge d\u2019\u00e9tablir le&hellip;\n","protected":false},"author":2,"featured_media":243539,"comment_status":"","ping_status":"","sticky":false,"template":"","format":"standard","meta":{"footnotes":""},"categories":[1418],"tags":[1011,27,1472,60],"class_list":{"0":"post-243538","1":"post","2":"type-post","3":"status-publish","4":"format-standard","5":"has-post-thumbnail","7":"category-golf","8":"tag-fr","9":"tag-france","10":"tag-golf","11":"tag-sports"},"share_on_mastodon":{"url":"https:\/\/pubeurope.com\/@fr\/114837003066441328","error":""},"_links":{"self":[{"href":"https:\/\/www.europesays.com\/fr\/wp-json\/wp\/v2\/posts\/243538","targetHints":{"allow":["GET"]}}],"collection":[{"href":"https:\/\/www.europesays.com\/fr\/wp-json\/wp\/v2\/posts"}],"about":[{"href":"https:\/\/www.europesays.com\/fr\/wp-json\/wp\/v2\/types\/post"}],"author":[{"embeddable":true,"href":"https:\/\/www.europesays.com\/fr\/wp-json\/wp\/v2\/users\/2"}],"replies":[{"embeddable":true,"href":"https:\/\/www.europesays.com\/fr\/wp-json\/wp\/v2\/comments?post=243538"}],"version-history":[{"count":0,"href":"https:\/\/www.europesays.com\/fr\/wp-json\/wp\/v2\/posts\/243538\/revisions"}],"wp:featuredmedia":[{"embeddable":true,"href":"https:\/\/www.europesays.com\/fr\/wp-json\/wp\/v2\/media\/243539"}],"wp:attachment":[{"href":"https:\/\/www.europesays.com\/fr\/wp-json\/wp\/v2\/media?parent=243538"}],"wp:term":[{"taxonomy":"category","embeddable":true,"href":"https:\/\/www.europesays.com\/fr\/wp-json\/wp\/v2\/categories?post=243538"},{"taxonomy":"post_tag","embeddable":true,"href":"https:\/\/www.europesays.com\/fr\/wp-json\/wp\/v2\/tags?post=243538"}],"curies":[{"name":"wp","href":"https:\/\/api.w.org\/{rel}","templated":true}]}}