{"id":243542,"date":"2025-07-11T22:40:10","date_gmt":"2025-07-11T22:40:10","guid":{"rendered":"https:\/\/www.europesays.com\/fr\/243542\/"},"modified":"2025-07-11T22:40:10","modified_gmt":"2025-07-11T22:40:10","slug":"antoine-dupont-a-decide-de-quitter-temporairement-la-france-pour-preparer-son-grand-retour-a-la-competition","status":"publish","type":"post","link":"https:\/\/www.europesays.com\/fr\/243542\/","title":{"rendered":"Antoine Dupont a d\u00e9cid\u00e9 de quitter temporairement la France pour pr\u00e9parer son grand retour \u00e0 la comp\u00e9tition !"},"content":{"rendered":"<p>\u00c9loign\u00e9 des terrains depuis plus de quatre mois en raison d\u2019une rupture des ligaments crois\u00e9s contract\u00e9e en Irlande sous le maillot du XV de France, Antoine Dupont livre peu \u00e0 peu les coulisses de sa convalescence.<\/p>\n<p>Ce vendredi, le demi de m\u00eal\u00e9e du Stade Toulousain a partag\u00e9 des images in\u00e9dites \u2013 via son compte Instagram \u2013 de sa r\u00e9\u00e9ducation, men\u00e9e en grande partie de l\u2019autre c\u00f4t\u00e9 des Alpes.<\/p>\n<p>Bless\u00e9 au genou lors du Tournoi des Six Nations, le n\u00b09 tricolore a entam\u00e9 un long parcours de r\u00e9cup\u00e9ration, dont une \u00e9tape importante s\u2019est d\u00e9roul\u00e9e dans un centre de m\u00e9decine du sport suisse.<\/p>\n<p>\u00ab Suite \u00e0 sa blessure, Antoine Dupont, envoy\u00e9 par le Stade Toulousain, a choisi notre centre de m\u00e9decine du sport pour r\u00e9aliser une partie de sa r\u00e9\u00e9ducation. Pendant deux semaines, il a suivi un programme structur\u00e9 et intensif, con\u00e7u pour l\u2019accompagner vers un retour optimal sur le terrain \u00bb, a communiqu\u00e9 l\u2019\u00e9tablissement ce vendredi soir via ses r\u00e9seaux sociaux.<\/p>\n<p>Ce s\u00e9jour intensif n\u2019\u00e9tait qu\u2019une partie du processus. Le joueur a \u00e9galement profit\u00e9 d\u2019un moment de repos et de soins dans un cadre plus apaisant, du c\u00f4t\u00e9 du Lac L\u00e9man.<\/p>\n<p>Sur ses r\u00e9seaux, Antoine Dupont a ainsi partag\u00e9 plusieurs clich\u00e9s d\u2019un passage au sein de l\u2019H\u00f4tel &amp; Spa \u00ab\u00a0La R\u00e9serve\u00a0\u00bb \u00e0 Gen\u00e8ve, entre s\u00e9ances de r\u00e9cup\u00e9ration et instants de d\u00e9tente.<\/p>\n<p>\u00c0 travers ces images, le capitaine embl\u00e9matique du XV de France montre qu\u2019il poursuit, pas \u00e0 pas, sa route vers un retour au plus haut niveau.<\/p>\n<p>Un chemin discret mais m\u00e9thodique, \u00e0 la hauteur de son exigence personnelle, en attendant de retrouver les terrains avec la m\u00eame intensit\u00e9 qui fait sa renomm\u00e9e.<\/p>\n","protected":false},"excerpt":{"rendered":"\u00c9loign\u00e9 des terrains depuis plus de quatre mois en raison d\u2019une rupture des ligaments crois\u00e9s contract\u00e9e en Irlande&hellip;\n","protected":false},"author":2,"featured_media":243543,"comment_status":"","ping_status":"","sticky":false,"template":"","format":"standard","meta":{"footnotes":""},"categories":[1416],"tags":[1011,27,479,1468,60],"class_list":{"0":"post-243542","1":"post","2":"type-post","3":"status-publish","4":"format-standard","5":"has-post-thumbnail","7":"category-rugby","8":"tag-fr","9":"tag-france","10":"tag-rugby","11":"tag-rugby-football","12":"tag-sports"},"share_on_mastodon":{"url":"https:\/\/pubeurope.com\/@fr\/114837010912921286","error":""},"_links":{"self":[{"href":"https:\/\/www.europesays.com\/fr\/wp-json\/wp\/v2\/posts\/243542","targetHints":{"allow":["GET"]}}],"collection":[{"href":"https:\/\/www.europesays.com\/fr\/wp-json\/wp\/v2\/posts"}],"about":[{"href":"https:\/\/www.europesays.com\/fr\/wp-json\/wp\/v2\/types\/post"}],"author":[{"embeddable":true,"href":"https:\/\/www.europesays.com\/fr\/wp-json\/wp\/v2\/users\/2"}],"replies":[{"embeddable":true,"href":"https:\/\/www.europesays.com\/fr\/wp-json\/wp\/v2\/comments?post=243542"}],"version-history":[{"count":0,"href":"https:\/\/www.europesays.com\/fr\/wp-json\/wp\/v2\/posts\/243542\/revisions"}],"wp:featuredmedia":[{"embeddable":true,"href":"https:\/\/www.europesays.com\/fr\/wp-json\/wp\/v2\/media\/243543"}],"wp:attachment":[{"href":"https:\/\/www.europesays.com\/fr\/wp-json\/wp\/v2\/media?parent=243542"}],"wp:term":[{"taxonomy":"category","embeddable":true,"href":"https:\/\/www.europesays.com\/fr\/wp-json\/wp\/v2\/categories?post=243542"},{"taxonomy":"post_tag","embeddable":true,"href":"https:\/\/www.europesays.com\/fr\/wp-json\/wp\/v2\/tags?post=243542"}],"curies":[{"name":"wp","href":"https:\/\/api.w.org\/{rel}","templated":true}]}}