{"id":243544,"date":"2025-07-11T22:41:11","date_gmt":"2025-07-11T22:41:11","guid":{"rendered":"https:\/\/www.europesays.com\/fr\/243544\/"},"modified":"2025-07-11T22:41:11","modified_gmt":"2025-07-11T22:41:11","slug":"sinner-integre-le-cercle-ferme-des-finalistes-aux-4-tournois-du-grand-chelem","status":"publish","type":"post","link":"https:\/\/www.europesays.com\/fr\/243544\/","title":{"rendered":"Sinner int\u00e8gre le cercle ferm\u00e9 des finalistes aux 4 tournois du Grand Chelem"},"content":{"rendered":"<p>Tennis : Sinner int\u00e8gre le cercle ferm\u00e9 des finalistes aux 4 tournois du Grand Chelem Sur le m\u00eame sujet<a href=\"https:\/\/rmcsport.bfmtv.com\/tennis\/video-tennis-sinner-integre-le-cercle-ferme-des-finalistes-aux-4-tournois-du-grand-chelem_VN-202507110622.html\" title=\"Tennis : Sinner int\u00e8gre le cercle ferm\u00e9 des finalistes aux 4 tournois du Grand Chelem\" rel=\"nofollow noopener\" target=\"_blank\"><img class=\"lozad\"  width=\"16\" height=\"9\" alt=\"Tennis : Sinner int\u00e8gre le cercle ferm\u00e9 des finalistes aux 4 tournois du Grand Chelem\"\/>en lectureTennis : Sinner int\u00e8gre le cercle ferm\u00e9 des finalistes aux 4 tournois du Grand Chelem<\/a><a href=\"https:\/\/rmcsport.bfmtv.com\/tennis\/video-wimbledon-djokovic-ne-joue-plus-dans-leur-cour-une-finale-sinner-alcaraz-inevitable-pour-pitkowski_VN-202507070651.html\" title=\" Wimbledon : &quot;Djokovic ne joue plus dans leur cour&quot;, une finale Sinner-Alcaraz in\u00e9vitable pour Pitkowski \" rel=\"nofollow noopener\" target=\"_blank\"><img class=\"lozad\"  width=\"16\" height=\"9\" alt=\" Wimbledon : &quot;Djokovic ne joue plus dans leur cour&quot;, une finale Sinner-Alcaraz in\u00e9vitable pour Pitkowski \"\/>3:09Wimbledon : \u00ab\u00a0Djokovic ne joue plus dans leur cour\u00a0\u00bb, une finale Sinner-Alcaraz in\u00e9vitable pour Pitkowski<\/a><a href=\"https:\/\/rmcsport.bfmtv.com\/replay-emissions\/les-grandes-gueules-du-sport\/video-wimbledon-dans-l-ensemble-c-est-un-peu-decevant-juge-benneteau-sur-les-resultats-francais_VN-202507050226.html\" title=\"Wimbledon : &quot;Dans l&#039;ensemble, c&#039;est un peu d\u00e9cevant&quot;, juge Benneteau sur les r\u00e9sultats fran\u00e7ais\" rel=\"nofollow noopener\" target=\"_blank\"><img class=\"lozad\"  width=\"16\" height=\"9\" alt=\"Wimbledon : &quot;Dans l'ensemble, c'est un peu d\u00e9cevant&quot;, juge Benneteau sur les r\u00e9sultats fran\u00e7ais\"\/>3:14Wimbledon : \u00ab\u00a0Dans l&rsquo;ensemble, c&rsquo;est un peu d\u00e9cevant\u00a0\u00bb, juge Benneteau sur les r\u00e9sultats fran\u00e7ais<\/a><a href=\"https:\/\/rmcsport.bfmtv.com\/basket\/video-quai-54-c-est-la-magie-usher-etait-venu-chanter-gratis_VN-202507040399.html\" title=\" Quai 54 : &quot;C&#039;est la magie !&quot;, Usher \u00e9tait venu chanter gratis \" rel=\"nofollow noopener\" target=\"_blank\"><img class=\"lozad\"  width=\"16\" height=\"9\" alt=\" Quai 54 : &quot;C'est la magie !&quot;, Usher \u00e9tait venu chanter gratis \"\/>0:52Quai 54 : \u00ab\u00a0C&rsquo;est la magie !\u00a0\u00bb, Usher \u00e9tait venu chanter gratis<\/a><a href=\"https:\/\/rmcsport.bfmtv.com\/tennis\/video-wimbledon-je-ne-voyais-pas-mon-adversaire-rinderknech-gene-par-le-coucher-de-soleil_VN-202507030658.html\" title=\"Wimbledon : &quot;Je ne voyais pas mon adversaire&quot;, Rinderknech g\u00ean\u00e9 par le coucher de soleil\" rel=\"nofollow noopener\" target=\"_blank\"><img class=\"lozad\"  width=\"16\" height=\"9\" alt=\"Wimbledon : &quot;Je ne voyais pas mon adversaire&quot;, Rinderknech g\u00ean\u00e9 par le coucher de soleil\"\/>1:45Wimbledon : \u00ab\u00a0Je ne voyais pas mon adversaire\u00a0\u00bb, Rinderknech g\u00ean\u00e9 par le coucher de soleil<\/a><a href=\"https:\/\/rmcsport.bfmtv.com\/tennis\/video-wimbledon-le-gazon-est-lent-rien-a-voir-a-ce-que-j-ai-connu-explique-monfils_VN-202507020497.html\" title=\"Wimbledon : \u201cLe gazon est lent, rien \u00e0 voir avec ce que j\u2019ai connu\u201d, explique Monfils\" rel=\"nofollow noopener\" target=\"_blank\"><img class=\"lozad\"  width=\"16\" height=\"9\" alt=\"Wimbledon : \u201cLe gazon est lent, rien \u00e0 voir avec ce que j\u2019ai connu\u201d, explique Monfils\"\/>2:03Wimbledon : \u201cLe gazon est lent, rien \u00e0 voir avec ce que j\u2019ai connu\u201d, explique Monfils<\/a><a href=\"https:\/\/rmcsport.bfmtv.com\/tennis\/video-wimbledon-alcaraz-sabalenka-et-une-seule-francaise-les-affiches-du-mercredi-2-juillet_VN-202507020331.html\" title=\"Wimbledon : Alcaraz, Sabalenka, Rinderknech... les affiches du mercredi 2 juillet\" rel=\"nofollow noopener\" target=\"_blank\"><img class=\"lozad\"  width=\"16\" height=\"9\" alt=\"Wimbledon : Alcaraz, Sabalenka, Rinderknech... les affiches du mercredi 2 juillet\"\/>1:30Wimbledon : Alcaraz, Sabalenka, Rinderknech&#8230; les affiches du mercredi 2 juillet<\/a><a href=\"https:\/\/rmcsport.bfmtv.com\/tennis\/video-wimbledon-sinner-et-djoko-entrent-en-lice-tout-comme-monfils-et-humbert-les-chocs-du-mardi-1er-juillet_VN-202507010332.html\" title=\"Wimbledon : Sinner et Djoko entrent en lice tout comme Monfils et Humbert... les chocs du mardi 1er juillet\" rel=\"nofollow noopener\" target=\"_blank\"><img class=\"lozad\"  width=\"16\" height=\"9\" alt=\"Wimbledon : Sinner et Djoko entrent en lice tout comme Monfils et Humbert... les chocs du mardi 1er juillet\"\/>1:26Wimbledon : Sinner et Djoko entrent en lice tout comme Monfils et Humbert&#8230; les chocs du mardi 1er juillet<\/a><a href=\"https:\/\/rmcsport.bfmtv.com\/tennis\/video-wimbledon-le-programme-des-francais-du-30-juin-avec-3-gros-chocs-pour-demarrer_VN-202506300379.html\" title=\"Wimbledon : Le programme des Fran\u00e7ais du 30 juin avec 3 gros chocs pour d\u00e9marrer !\" rel=\"nofollow noopener\" target=\"_blank\"><img class=\"lozad\"  width=\"16\" height=\"9\" alt=\"Wimbledon : Le programme des Fran\u00e7ais du 30 juin avec 3 gros chocs pour d\u00e9marrer !\"\/>0:34Wimbledon : Le programme des Fran\u00e7ais du 30 juin avec 3 gros chocs pour d\u00e9marrer !<\/a><a href=\"https:\/\/rmcsport.bfmtv.com\/tennis\/video-wimbledon-boisson-eliminee-cette-semaine-c-est-sur-gazon-reagit-branstine_VN-202506240573.html\" title=\"Wimbledon : Boisson \u00e9limin\u00e9e, &quot;Cette semaine c&#039;est sur gazon&quot;, r\u00e9agit Branstine\" rel=\"nofollow noopener\" target=\"_blank\"><img class=\"lozad\"  width=\"16\" height=\"9\" alt=\"Wimbledon : Boisson \u00e9limin\u00e9e, &quot;Cette semaine c'est sur gazon&quot;, r\u00e9agit Branstine\"\/>0:45Wimbledon : Boisson \u00e9limin\u00e9e, \u00ab\u00a0Cette semaine c&rsquo;est sur gazon\u00a0\u00bb, r\u00e9agit Branstine<\/a><a href=\"https:\/\/rmcsport.bfmtv.com\/tennis\/video-wimbledon-boisson-sortie-d-entree-en-qualif-il-lui-manque-des-reperes-sur-gazon-explique-parmentier_VN-202506240462.html\" title=\"Wimbledon : Boisson sortie d&#039;entr\u00e9e en qualif... &quot;Il lui manque des rep\u00e8res sur gazon&quot; explique Parmentier\" rel=\"nofollow noopener\" target=\"_blank\"><img class=\"lozad\"  width=\"16\" height=\"9\" alt=\"Wimbledon : Boisson sortie d'entr\u00e9e en qualif... &quot;Il lui manque des rep\u00e8res sur gazon&quot; explique Parmentier\"\/>1:07Wimbledon : Boisson sortie d&rsquo;entr\u00e9e en qualif&#8230; \u00ab\u00a0Il lui manque des rep\u00e8res sur gazon\u00a0\u00bb explique Parmentier<\/a><a href=\"https:\/\/rmcsport.bfmtv.com\/tennis\/video-wimbledon-pas-de-wild-card-pour-boisson-on-est-passe-a-autre-chose-repond-son-prepa-physique_VN-202506230505.html\" title=\"Wimbledon : pas de wild card pour Boisson, &quot;on est pass\u00e9 \u00e0 autre chose&quot; r\u00e9pond son pr\u00e9pa physique\" rel=\"nofollow noopener\" target=\"_blank\"><img class=\"lozad\"  width=\"16\" height=\"9\" alt=\"Wimbledon : pas de wild card pour Boisson, &quot;on est pass\u00e9 \u00e0 autre chose&quot; r\u00e9pond son pr\u00e9pa physique\"\/>0:59Wimbledon : pas de wild card pour Boisson, \u00ab\u00a0on est pass\u00e9 \u00e0 autre chose\u00a0\u00bb r\u00e9pond son pr\u00e9pa physique<\/a><a href=\"https:\/\/rmcsport.bfmtv.com\/replay-emissions\/les-grandes-gueules-du-sport\/video-apres-un-roland-avorte-fils-forfait-a-wimbledon-des-raisons-de-s-inquieter_VN-202506220129.html\" title=\"Apr\u00e8s un Roland avort\u00e9, Fils forfait \u00e0 Wimbledon... des raisons de s&#039;inqui\u00e9ter ?\" rel=\"nofollow noopener\" target=\"_blank\"><img class=\"lozad\"  width=\"16\" height=\"9\" alt=\"Apr\u00e8s un Roland avort\u00e9, Fils forfait \u00e0 Wimbledon... des raisons de s'inqui\u00e9ter ?\"\/>2:09Apr\u00e8s un Roland avort\u00e9, Fils forfait \u00e0 Wimbledon&#8230; des raisons de s&rsquo;inqui\u00e9ter ?<\/a><a href=\"https:\/\/rmcsport.bfmtv.com\/replay-emissions\/les-grandes-gueules-du-sport\/video-wimbledon-boisson-privee-de-wild-card-pas-injuste-selon-benneteau_VN-202506210157.html\" title=\"Wimbledon: Boisson priv\u00e9e de wild-card , &quot;pas injuste&quot; selon Benneteau\" rel=\"nofollow noopener\" target=\"_blank\"><img class=\"lozad\"  width=\"16\" height=\"9\" alt=\"Wimbledon: Boisson priv\u00e9e de wild-card , &quot;pas injuste&quot; selon Benneteau\"\/>2:39Wimbledon: Boisson priv\u00e9e de wild-card , \u00ab\u00a0pas injuste\u00a0\u00bb selon Benneteau<\/a><a class=\"jumpToVideo\" target=\"_blank\"><img class=\"thumbnailPreview\"\/><\/a><\/p>\n","protected":false},"excerpt":{"rendered":"Tennis : Sinner int\u00e8gre le cercle ferm\u00e9 des finalistes aux 4 tournois du Grand Chelem Sur le m\u00eame&hellip;\n","protected":false},"author":2,"featured_media":243545,"comment_status":"","ping_status":"","sticky":false,"template":"","format":"standard","meta":{"footnotes":""},"categories":[1415],"tags":[1011,27,60,1467],"class_list":{"0":"post-243544","1":"post","2":"type-post","3":"status-publish","4":"format-standard","5":"has-post-thumbnail","7":"category-tennis","8":"tag-fr","9":"tag-france","10":"tag-sports","11":"tag-tennis"},"share_on_mastodon":{"url":"https:\/\/pubeurope.com\/@fr\/114837014592262490","error":""},"_links":{"self":[{"href":"https:\/\/www.europesays.com\/fr\/wp-json\/wp\/v2\/posts\/243544","targetHints":{"allow":["GET"]}}],"collection":[{"href":"https:\/\/www.europesays.com\/fr\/wp-json\/wp\/v2\/posts"}],"about":[{"href":"https:\/\/www.europesays.com\/fr\/wp-json\/wp\/v2\/types\/post"}],"author":[{"embeddable":true,"href":"https:\/\/www.europesays.com\/fr\/wp-json\/wp\/v2\/users\/2"}],"replies":[{"embeddable":true,"href":"https:\/\/www.europesays.com\/fr\/wp-json\/wp\/v2\/comments?post=243544"}],"version-history":[{"count":0,"href":"https:\/\/www.europesays.com\/fr\/wp-json\/wp\/v2\/posts\/243544\/revisions"}],"wp:featuredmedia":[{"embeddable":true,"href":"https:\/\/www.europesays.com\/fr\/wp-json\/wp\/v2\/media\/243545"}],"wp:attachment":[{"href":"https:\/\/www.europesays.com\/fr\/wp-json\/wp\/v2\/media?parent=243544"}],"wp:term":[{"taxonomy":"category","embeddable":true,"href":"https:\/\/www.europesays.com\/fr\/wp-json\/wp\/v2\/categories?post=243544"},{"taxonomy":"post_tag","embeddable":true,"href":"https:\/\/www.europesays.com\/fr\/wp-json\/wp\/v2\/tags?post=243544"}],"curies":[{"name":"wp","href":"https:\/\/api.w.org\/{rel}","templated":true}]}}