{"id":243546,"date":"2025-07-11T22:43:12","date_gmt":"2025-07-11T22:43:12","guid":{"rendered":"https:\/\/www.europesays.com\/fr\/243546\/"},"modified":"2025-07-11T22:43:12","modified_gmt":"2025-07-11T22:43:12","slug":"alex-marquez-surpris-detre-aussi-rapide-malgre-sa-blessure","status":"publish","type":"post","link":"https:\/\/www.europesays.com\/fr\/243546\/","title":{"rendered":"\u00c1lex M\u00e1rquez surpris d&rsquo;\u00eatre aussi rapide malgr\u00e9 sa blessure"},"content":{"rendered":"<p>Tout juste de retour de blessure, <a href=\"https:\/\/fr.motorsport.com\/driver\/alex-marquez\/96324\/\" target=\"_blank\" rel=\"noopener nofollow\">\u00c1lex M\u00e1rquez<\/a> a \u00e9tonn\u00e9 vendredi, au Sachsenring. Le pilote espagnol, qui s&rsquo;est cass\u00e9 un doigt \u00e0 Assen, a \u00e9t\u00e9 op\u00e9r\u00e9 dans la foul\u00e9e et porte une protection \u00e0 la main gauche sous son gant, n&rsquo;a rien laiss\u00e9 para\u00eetre de ses difficult\u00e9s physiques lorsqu&rsquo;il est all\u00e9 chercher le deuxi\u00e8me chrono du jour derri\u00e8re le record sign\u00e9 <a href=\"https:\/\/fr.motorsport.com\/driver\/fabio-di-giannantonio\/289538\/\" target=\"_blank\" rel=\"noopener nofollow\">Fabio Di Giannantonio<\/a>.<\/p>\n<p>Lui qui devait encore \u00eatre examin\u00e9 par le m\u00e9decin du championnat apr\u00e8s les premiers essais pour \u00eatre autoris\u00e9 \u00e0 disputer le reste du Grand Prix, il n&rsquo;a pas cach\u00e9 \u00eatre surpris d&rsquo;\u00eatre \u00e0 pareille f\u00eate au classement.<\/p>\n<p>\u00ab\u00a0C&rsquo;est bien mieux que ce \u00e0 quoi je m&rsquo;attendais\u00a0!\u00a0\u00bb, admet le pilote Gresini au micro du site officiel du MotoGP. \u00ab\u00a0J&rsquo;ai pass\u00e9 une semaine et demie \u00e0 la maison, un peu bloqu\u00e9 \u00e0 cause de ma fracture. J&rsquo;ai pass\u00e9 de nombreuses heures chaque jour \u00e0 faire des soins pour aider l&rsquo;os \u00e0 se consolider.\u00a0\u00bb<\/p>\n<p>\u00ab\u00a0Ce matin, j&rsquo;ai pris les choses assez tranquillement, juste pour essayer de voir si j&rsquo;arrivais \u00e0 avoir de bonnes sensations, et j&rsquo;ai pu me sentir vraiment bien. Cet apr\u00e8s-midi, je me suis dit que c&rsquo;\u00e9tait important d&rsquo;\u00eatre en Q2. J&rsquo;ai vu les pr\u00e9visions m\u00e9t\u00e9o pour demain et elles ne sont pas terribles, et \u00eatre en Q1 sur le mouill\u00e9, sachant que beaucoup de pilotes sont rapides dans ces conditions, \u00e7a peut confronter \u00e0 beaucoup de probl\u00e8mes, donc il valait mieux \u00eatre en Q2.\u00a0\u00bb<\/p>\n<p>Lire aussi :<\/p>\n<p>\u00c1lex M\u00e1rquez a, certes, \u00e9t\u00e9 performant, mais il admet ne pas \u00eatre en pleine possession de ses moyens et se sait limit\u00e9 dans certaines phases du pilotage\u00a0:\u00a0\u00ab\u00a0\u00c0 certains endroits, je ne pilote vraiment pas bien, je suis vraiment tr\u00e8s rigide. Demain, il faudra que je sois un peu plus fluide. J&rsquo;utilise beaucoup d&rsquo;\u00e9nergie en \u00e9tant aussi rigide, il faut donc que je sois un peu plus libre sur la moto.\u00a0\u00bb<\/p>\n<p>\u00ab\u00a0Je n&rsquo;ai pas ressenti beaucoup de douleur parce que je n&rsquo;ai pas sollicit\u00e9 ce doigt\u00a0\u00bb, explique-t-il. \u00ab\u00a0Si je l&rsquo;utilise, j&rsquo;ai mal, mais pas sur la fracture, plus au niveau du tendon car il est tr\u00e8s rigide apr\u00e8s l&rsquo;op\u00e9ration. \u00c7a n&rsquo;\u00e9tait pas une fracture simple. Quand j&rsquo;ai vu ma main \u00e0 Assen, j&rsquo;\u00e9tais plut\u00f4t inquiet. Donc le fait d&rsquo;\u00eatre ici et d&rsquo;\u00eatre comp\u00e9titif, c&rsquo;est plut\u00f4t une surprise pour moi et j&rsquo;en suis tr\u00e8s heureux.\u00a0\u00bb<\/p>\n<p>   <img decoding=\"async\" draggable=\"false\" src=\"https:\/\/www.europesays.com\/fr\/wp-content\/uploads\/2025\/07\/1752273792_956_luca-marini-honda-hrc.jpg\" alt=\"Luca Marini (Honda HRC)\" width=\"1200\" height=\"800\" loading=\"lazy\"\/> <\/p>\n<p class=\"title\">Luca Marini (Honda HRC)<\/p>\n<p class=\"photographer\">Photo de: Gold and Goose Photography \/ LAT Images \/ via Getty Images<\/p>\n<p><a href=\"https:\/\/fr.motorsport.com\/driver\/luca-marini\/201098\/\" target=\"_blank\" rel=\"noopener nofollow\">Luca Marini<\/a> t\u00e9moigne lui aussi de certaines limitations, alors qu&rsquo;il sort d&rsquo;une convalescence bien plus longue ayant fait suite \u00e0 un grave accident dont il a \u00e9t\u00e9 victime fin mai. Apr\u00e8s avoir r\u00e9alis\u00e9 un test priv\u00e9 la semaine derni\u00e8re pour \u00e9valuer sa capacit\u00e9 \u00e0 piloter la Honda, l&rsquo;Italien s&rsquo;estimait \u00eatre \u00e0 80% de ses capacit\u00e9s.<\/p>\n<p>\u00ab\u00a0La strat\u00e9gie aujourd&rsquo;hui \u00e9tait de ne pas trop stresser mon corps, de plut\u00f4t comprendre la situation\u00a0\u00bb, explique-t-il. \u00ab\u00a0Il est vrai que je manque de forces dans le bras gauche, et dans tous les virages \u00e0 gauche \u00e7a n&rsquo;est pas tr\u00e8s facile pour moi d&rsquo;aller sur l&rsquo;angle maximal et de maintenir ma position. \u00c7a ne l&rsquo;est d\u00e9j\u00e0 pas quand on est \u00e0 100% de sa condition physique, alors j&rsquo;ai beaucoup de mal et j&rsquo;essaye de compenser avec les autres parties du corps. Apr\u00e8s, il me manque un peu de vitesse, de sensations quand je mets des pneus neufs.\u00a0\u00bb<\/p>\n<p>Entre son test de Brno et cette premi\u00e8re journ\u00e9e au Sachsenring, Marini n&rsquo;a pour le moment pas encha\u00een\u00e9 plus de sept tours, mais il devra monter en puissance samedi avec la course sprint. \u00ab\u00a0C&rsquo;est diff\u00e9rent quand on roule seul dans un test, comme je l&rsquo;ai fait \u00e0 Brno. L\u00e0, tout va bien, mais une fois qu&rsquo;on arrive ici, c&rsquo;est une situation diff\u00e9rente. Je sens bien que \u00e7a fait longtemps que je n&rsquo;ai pas pouss\u00e9 \u00e0 ce point sur une moto, donc je vais prendre un peu plus de temps pour revenir en bonne forme mais je suis n\u00e9anmoins\u00a0plut\u00f4t satisfait apr\u00e8s cette premi\u00e8re journ\u00e9e.\u00a0\u00bb<\/p>\n<p>Forfait confirm\u00e9 pour Bastianini<\/p>\n<p>Alors que <a href=\"https:\/\/fr.motorsport.com\/driver\/jorge-martin\/109391\/\" target=\"_blank\" rel=\"noopener nofollow\">Jorge Mart\u00edn<\/a> doit revenir de blessure la semaine prochaine et que\u00a0<a href=\"https:\/\/fr.motorsport.com\/driver\/somkiat-chantra\/823104\/\" target=\"_blank\" rel=\"noopener nofollow\">Somkiat Chantra<\/a> est \u00e0 son tour absent pour soigner une l\u00e9sion du genou, on a \u00e9galement eu la confirmation qu&rsquo;<a href=\"https:\/\/fr.motorsport.com\/driver\/enea-bastianini\/109398\/\" target=\"_blank\" rel=\"noopener nofollow\">Enea Bastianini<\/a> ne reviendrait pas ce week-end. Le pilote Tech3 est hospitalis\u00e9 pour une crise d&rsquo;appendicite et son \u00e9tat ne lui permet pas de rejoindre l&rsquo;Allemagne.<\/p>\n<p>\u00ab\u00a0Le traitement qu&rsquo;il a re\u00e7u depuis son hospitalisation a permis \u00e0 Enea de se sentir un peu mieux\u00a0\u00bb, indique Tech3, \u00ab\u00a0cependant il est actuellement trop faible apr\u00e8s plusieurs jours \u00e0 \u00eatre malade. Il a \u00e9t\u00e9 d\u00e9cid\u00e9 d&rsquo;un commun accord par l&rsquo;\u00e9quipe et le pilote qu&rsquo;Enea devrait se focaliser sur le fait de bien se remettre, et nous esp\u00e9rons le revoir la semaine prochaine au GP de R\u00e9publique tch\u00e8que.\u00a0\u00bb<\/p>\n<p>Les plus belles photos du jour au GP d&rsquo;Allemagne MotoGP<\/p>\n<p>Dans cet article<\/p>\n<p>Soyez le premier inform\u00e9 et souscrivez aux alertes mails pour recevoir les infos en temps r\u00e9el<\/p>\n<p>    S&rsquo;abonner aux alertes de news<\/p>\n","protected":false},"excerpt":{"rendered":"Tout juste de retour de blessure, \u00c1lex M\u00e1rquez a \u00e9tonn\u00e9 vendredi, au Sachsenring. Le pilote espagnol, qui s&rsquo;est&hellip;\n","protected":false},"author":2,"featured_media":243547,"comment_status":"","ping_status":"","sticky":false,"template":"","format":"standard","meta":{"footnotes":""},"categories":[1413],"tags":[3377,1011,27,36254,1457,1456,1458,36255,60,3374],"class_list":{"0":"post-243546","1":"post","2":"type-post","3":"status-publish","4":"format-standard","5":"has-post-thumbnail","7":"category-moto","8":"tag-enea-bastianini","9":"tag-fr","10":"tag-france","11":"tag-gp-dallemagne","12":"tag-moto","13":"tag-motocycle","14":"tag-motogp","15":"tag-sachsenring","16":"tag-sports","17":"tag-tech-3"},"share_on_mastodon":{"url":"https:\/\/pubeurope.com\/@fr\/114837022617428559","error":""},"_links":{"self":[{"href":"https:\/\/www.europesays.com\/fr\/wp-json\/wp\/v2\/posts\/243546","targetHints":{"allow":["GET"]}}],"collection":[{"href":"https:\/\/www.europesays.com\/fr\/wp-json\/wp\/v2\/posts"}],"about":[{"href":"https:\/\/www.europesays.com\/fr\/wp-json\/wp\/v2\/types\/post"}],"author":[{"embeddable":true,"href":"https:\/\/www.europesays.com\/fr\/wp-json\/wp\/v2\/users\/2"}],"replies":[{"embeddable":true,"href":"https:\/\/www.europesays.com\/fr\/wp-json\/wp\/v2\/comments?post=243546"}],"version-history":[{"count":0,"href":"https:\/\/www.europesays.com\/fr\/wp-json\/wp\/v2\/posts\/243546\/revisions"}],"wp:featuredmedia":[{"embeddable":true,"href":"https:\/\/www.europesays.com\/fr\/wp-json\/wp\/v2\/media\/243547"}],"wp:attachment":[{"href":"https:\/\/www.europesays.com\/fr\/wp-json\/wp\/v2\/media?parent=243546"}],"wp:term":[{"taxonomy":"category","embeddable":true,"href":"https:\/\/www.europesays.com\/fr\/wp-json\/wp\/v2\/categories?post=243546"},{"taxonomy":"post_tag","embeddable":true,"href":"https:\/\/www.europesays.com\/fr\/wp-json\/wp\/v2\/tags?post=243546"}],"curies":[{"name":"wp","href":"https:\/\/api.w.org\/{rel}","templated":true}]}}