{"id":243548,"date":"2025-07-11T22:44:11","date_gmt":"2025-07-11T22:44:11","guid":{"rendered":"https:\/\/www.europesays.com\/fr\/243548\/"},"modified":"2025-07-11T22:44:11","modified_gmt":"2025-07-11T22:44:11","slug":"course-automobile-tv-globo-recupere-les-droits-de-diffusion-de-la-f1-au-bresil-a-partir-de-2026-12-07-2025-a-0028","status":"publish","type":"post","link":"https:\/\/www.europesays.com\/fr\/243548\/","title":{"rendered":"COURSE AUTOMOBILE &#8211; TV Globo r\u00e9cup\u00e8re les droits de diffusion de la F1 au Br\u00e9sil \u00e0 partir de 2026 &#8211; 12\/07\/2025 \u00e0 00:28"},"content":{"rendered":"<p>\n ((Traduction automatis\u00e9e par Reuters \u00e0 l&rsquo;aide de l&rsquo;apprentissage<br \/>\nautomatique et de l&rsquo;IA g\u00e9n\u00e9rative, veuillez vous r\u00e9f\u00e9rer \u00e0<br \/>\nl&rsquo;avertissement suivant: https:\/\/bit.ly\/rtrsauto))\n<\/p>\n<p>\n TV Globo a r\u00e9cup\u00e9r\u00e9 les droits de<br \/>\ndiffusion exclusifs de la Formule 1 au Br\u00e9sil dans un accord de<br \/>\ntrois ans \u00e0 partir de 2026, apr\u00e8s avoir \u00e9t\u00e9 absent depuis 2020,<br \/>\na annonc\u00e9 le sport vendredi.\n<\/p>\n<p>\n Le diffuseur a d\u00e9tenu les droits pendant plus de 40 ans<br \/>\njusqu&rsquo;\u00e0 ce que Bandeirantes prenne le relais en 2021.\n<\/p>\n<p>\n L&rsquo;accord permettra aux fans br\u00e9siliens d&rsquo;acc\u00e9der en direct<br \/>\net en clair \u00e0 15 des 24 courses, tandis que les autres seront<br \/>\ndiffus\u00e9es sur la cha\u00eene payante de Globo, sportv.\n<\/p>\n<p>\n Aucun d\u00e9tail financier n&rsquo;a \u00e9t\u00e9 donn\u00e9.\n<\/p>\n<p>\n Avec Gabriel Bortoleto, 20 ans, recrue de Sauber et champion<br \/>\nde Formule 2 l&rsquo;an dernier, le Br\u00e9sil a un pilote de Formule 1 \u00e0<br \/>\nplein temps sur la grille cette saison pour la premi\u00e8re fois<br \/>\ndepuis que Felipe Massa a pris sa retraite en 2017.\n<\/p>\n<p>\n Le Br\u00e9sil, pays d&rsquo;origine des champions du monde Emerson<br \/>\nFittipaldi, Nelson Piquet et feu Ayrton Senna, a \u00e9galement la<br \/>\nseule manche sud-am\u00e9ricaine du championnat avec une course sur<br \/>\nle circuit d&rsquo;Interlagos \u00e0 Sao Paulo.<\/p>\n","protected":false},"excerpt":{"rendered":"((Traduction automatis\u00e9e par Reuters \u00e0 l&rsquo;aide de l&rsquo;apprentissage automatique et de l&rsquo;IA g\u00e9n\u00e9rative, veuillez vous r\u00e9f\u00e9rer \u00e0 l&rsquo;avertissement&hellip;\n","protected":false},"author":2,"featured_media":2956,"comment_status":"","ping_status":"","sticky":false,"template":"","format":"standard","meta":{"footnotes":""},"categories":[1412],"tags":[400,398,408,405,1451,1452,1453,1454,1455,1011,27,403,402,399,404,401,60,406,407],"class_list":{"0":"post-243548","1":"post","2":"type-post","3":"status-publish","4":"format-standard","5":"has-post-thumbnail","7":"category-f1","8":"tag-action-cac-40","9":"tag-bourse-de-paris","10":"tag-boursorama","11":"tag-cotations","12":"tag-f1","13":"tag-formula-1","14":"tag-formula1","15":"tag-formule-1","16":"tag-formule1","17":"tag-fr","18":"tag-france","19":"tag-indices-devises","20":"tag-investir","21":"tag-investissement","22":"tag-marche-boursier","23":"tag-sicav","24":"tag-sports","25":"tag-trackers","26":"tag-warrants"},"share_on_mastodon":{"url":"https:\/\/pubeurope.com\/@fr\/114837026410451482","error":""},"_links":{"self":[{"href":"https:\/\/www.europesays.com\/fr\/wp-json\/wp\/v2\/posts\/243548","targetHints":{"allow":["GET"]}}],"collection":[{"href":"https:\/\/www.europesays.com\/fr\/wp-json\/wp\/v2\/posts"}],"about":[{"href":"https:\/\/www.europesays.com\/fr\/wp-json\/wp\/v2\/types\/post"}],"author":[{"embeddable":true,"href":"https:\/\/www.europesays.com\/fr\/wp-json\/wp\/v2\/users\/2"}],"replies":[{"embeddable":true,"href":"https:\/\/www.europesays.com\/fr\/wp-json\/wp\/v2\/comments?post=243548"}],"version-history":[{"count":0,"href":"https:\/\/www.europesays.com\/fr\/wp-json\/wp\/v2\/posts\/243548\/revisions"}],"wp:featuredmedia":[{"embeddable":true,"href":"https:\/\/www.europesays.com\/fr\/wp-json\/wp\/v2\/media\/2956"}],"wp:attachment":[{"href":"https:\/\/www.europesays.com\/fr\/wp-json\/wp\/v2\/media?parent=243548"}],"wp:term":[{"taxonomy":"category","embeddable":true,"href":"https:\/\/www.europesays.com\/fr\/wp-json\/wp\/v2\/categories?post=243548"},{"taxonomy":"post_tag","embeddable":true,"href":"https:\/\/www.europesays.com\/fr\/wp-json\/wp\/v2\/tags?post=243548"}],"curies":[{"name":"wp","href":"https:\/\/api.w.org\/{rel}","templated":true}]}}