{"id":243549,"date":"2025-07-11T22:45:14","date_gmt":"2025-07-11T22:45:14","guid":{"rendered":"https:\/\/www.europesays.com\/fr\/243549\/"},"modified":"2025-07-11T22:45:14","modified_gmt":"2025-07-11T22:45:14","slug":"ce-ne-sont-pas-des-extraterrestres-le-regard-de-vauquelin-sur-les-cadors-du-peloton","status":"publish","type":"post","link":"https:\/\/www.europesays.com\/fr\/243549\/","title":{"rendered":"\u00abCe ne sont pas des extraterrestres\u00bb, le regard de Vauquelin sur les cadors du peloton"},"content":{"rendered":"<p>Troisi\u00e8me au g\u00e9n\u00e9ral, le coureur fran\u00e7ais s\u2019est exprim\u00e9 ce vendredi apr\u00e8s la septi\u00e8me \u00e9tape du Tour de France.<\/p>\n<p class=\"fig-paragraph\">\u00abJe n&rsquo;aime pas ce mot d&rsquo;extraterrestres, ce ne sont pas des extraterrestres\u00bb, a affirm\u00e9\u00a0<a href=\"http:\/\/www.lefigaro.fr\/sports\/cyclisme\/tour-de-france\/il-m-a-vendu-du-reve-kevin-vauquelin-porte-drapeau-de-l-ambition-francaise-sur-le-tour-2025-20250710\" data-fig-type=\"Article\" data-gtm-custom-categorie=\"navigation\" data-gtm-custom-action=\"crossclick\" data-gtm-custom-label=\"Contextuel\" data-gtm-event=\"customEventSPE\" data-fig-domain=\"LEFIGARO\" rel=\"nofollow noopener\" target=\"_blank\">Kevin Vauquelin<\/a>, \u00e0 propos des cadors du Tour de France, \u00e0 qui il a encore tenu t\u00eate lors de\u00a0<a href=\"http:\/\/www.lefigaro.fr\/sports\/cyclisme\/tour-de-france\/tour-de-france-pogacar-s-impose-a-mur-de-bretagne-et-recupere-le-maillot-jaune-20250711\" data-fig-type=\"NewsFlash\" data-gtm-custom-categorie=\"navigation\" data-gtm-custom-action=\"crossclick\" data-gtm-custom-label=\"Contextuel\" data-gtm-event=\"customEventSPE\" data-fig-domain=\"LEFIGARO\" rel=\"nofollow noopener\" target=\"_blank\">la 7e \u00e9tape vendredi \u00e0 M\u00fbr-de-Bretagne, remport\u00e9e par Tadej Pogacar<\/a>. \u00abCe sont juste des mecs qui ont des capacit\u00e9s de base tr\u00e8s \u00e9lev\u00e9es et qui les exploitent \u00e0 100%\u00bb, a-t-il jug\u00e9 apr\u00e8s la course, qui lui a permis de reprendre la troisi\u00e8me place du\u00a0<a href=\"https:\/\/www.lefigaro.fr\/sports\/cyclisme\/tour-de-france\/resultats\/classement-general\" target=\"_blank\" rel=\"sponsored noopener nofollow\" data-gtm-custom-categorie=\"navigation\" data-gtm-custom-action=\"crossclick\" data-gtm-custom-label=\"Contextuel\" data-gtm-event=\"customEventSPE\">classement g\u00e9n\u00e9ral<\/a>, entre Remco Evenepoel, deuxi\u00e8me, et Jonas Vingegaard, quatri\u00e8me.<\/p>\n<p class=\"fig-paragraph\">\u00abIl faut que je travaille encore plus, J&rsquo;ai encore de la marge sur pas mal de points, en jouant les premiers r\u00f4les \u00e0 chaque fois, votre corps s&rsquo;am\u00e9liore, a estim\u00e9 le Normand de 24 ans, qui dispute son deuxi\u00e8me Tour de France.<\/p>\n<blockquote class=\"fig-quote&#10;    \">\n<p class=\"fig-quote__text\">La notori\u00e9t\u00e9 dans le peloton me permet de me placer un peu plus \u00e0 l\u2019avant.<\/p>\n<p>            Kevin Vauquelin\n    <\/p><\/blockquote>\n<p>                                    <a class=\"fig-a11y-skip a11y-hidden\" href=\"#fig-a11y-skip-main-inarticle\"><br \/>\n        Passer la publicit\u00e9<br \/>\n    <\/a><\/p>\n<p class=\"fig-paragraph\">\u00abC&rsquo;est pour \u00e7a qu&rsquo;on voit Jonas, Remco ou m\u00eame Tadej s&rsquo;am\u00e9liorer d&rsquo;ann\u00e9e en ann\u00e9e, ils font des efforts max qu&rsquo;on ne pourrait jamais faire en entra\u00eenement\u00bb, a poursuivi le leader d&rsquo;Ark\u00e9a-B&amp;B Hotels, qui constate une affirmation de sa l\u00e9gitimit\u00e9 en course pour se m\u00ealer aux grands favoris. \u00abLa notori\u00e9t\u00e9 dans le peloton me permet de me placer un peu plus \u00e0 l&rsquo;avant, l&rsquo;ann\u00e9e derni\u00e8re, je n&rsquo;aurais pas pu \u00eatre l\u00e0 juste parce que c&rsquo;\u00e9tait plus difficile de se placer, dans un peloton, le placement c&rsquo;est le plus important\u00bb, selon lui.<\/p>\n","protected":false},"excerpt":{"rendered":"Troisi\u00e8me au g\u00e9n\u00e9ral, le coureur fran\u00e7ais s\u2019est exprim\u00e9 ce vendredi apr\u00e8s la septi\u00e8me \u00e9tape du Tour de France.&hellip;\n","protected":false},"author":2,"featured_media":243550,"comment_status":"","ping_status":"","sticky":false,"template":"","format":"standard","meta":{"footnotes":""},"categories":[1411],"tags":[1154,207,1011,27,60,210],"class_list":{"0":"post-243549","1":"post","2":"type-post","3":"status-publish","4":"format-standard","5":"has-post-thumbnail","7":"category-cyclisme","8":"tag-cycling","9":"tag-cyclisme","10":"tag-fr","11":"tag-france","12":"tag-sports","13":"tag-tour-de-france"},"share_on_mastodon":{"url":"https:\/\/pubeurope.com\/@fr\/114837030342329243","error":""},"_links":{"self":[{"href":"https:\/\/www.europesays.com\/fr\/wp-json\/wp\/v2\/posts\/243549","targetHints":{"allow":["GET"]}}],"collection":[{"href":"https:\/\/www.europesays.com\/fr\/wp-json\/wp\/v2\/posts"}],"about":[{"href":"https:\/\/www.europesays.com\/fr\/wp-json\/wp\/v2\/types\/post"}],"author":[{"embeddable":true,"href":"https:\/\/www.europesays.com\/fr\/wp-json\/wp\/v2\/users\/2"}],"replies":[{"embeddable":true,"href":"https:\/\/www.europesays.com\/fr\/wp-json\/wp\/v2\/comments?post=243549"}],"version-history":[{"count":0,"href":"https:\/\/www.europesays.com\/fr\/wp-json\/wp\/v2\/posts\/243549\/revisions"}],"wp:featuredmedia":[{"embeddable":true,"href":"https:\/\/www.europesays.com\/fr\/wp-json\/wp\/v2\/media\/243550"}],"wp:attachment":[{"href":"https:\/\/www.europesays.com\/fr\/wp-json\/wp\/v2\/media?parent=243549"}],"wp:term":[{"taxonomy":"category","embeddable":true,"href":"https:\/\/www.europesays.com\/fr\/wp-json\/wp\/v2\/categories?post=243549"},{"taxonomy":"post_tag","embeddable":true,"href":"https:\/\/www.europesays.com\/fr\/wp-json\/wp\/v2\/tags?post=243549"}],"curies":[{"name":"wp","href":"https:\/\/api.w.org\/{rel}","templated":true}]}}