{"id":243555,"date":"2025-07-11T22:48:22","date_gmt":"2025-07-11T22:48:22","guid":{"rendered":"https:\/\/www.europesays.com\/fr\/243555\/"},"modified":"2025-07-11T22:48:22","modified_gmt":"2025-07-11T22:48:22","slug":"ce-gratte-ciel-va-faire-trembler-le-monde-entier-cette-tour-residentielle-de-457-metres-va-metamorphoser-lhorizon-de-dubai-et-defier-limpossible","status":"publish","type":"post","link":"https:\/\/www.europesays.com\/fr\/243555\/","title":{"rendered":"\u00ab Ce gratte-ciel va faire trembler le monde entier \u00bb : cette tour r\u00e9sidentielle de 457 m\u00e8tres va m\u00e9tamorphoser l\u2019horizon de Duba\u00ef et d\u00e9fier l\u2019impossible"},"content":{"rendered":"<tr>\n<td><strong>EN BREF<\/strong><\/td>\n<\/tr>\n<tr>\n<td>\n<ul>\n<li>\ud83c\udf06 Le Downtown Residences s\u2019\u00e9l\u00e8vera \u00e0 <strong>445 m\u00e8tres<\/strong>, transformant l\u2019horizon de Duba\u00ef avec son design audacieux.<\/li>\n<li>\ud83c\udfe0 Le gratte-ciel abritera <strong>522 r\u00e9sidences<\/strong>, incluant des appartements, des penthouses et un palais royal exclusif.<\/li>\n<li>\ud83d\udc8e Des commodit\u00e9s luxueuses comme un <strong>Sensory Oasis<\/strong> et la <strong>Summit Society<\/strong> offriront des exp\u00e9riences de vie uniques.<\/li>\n<li>\ud83c\udf3f Face aux d\u00e9fis climatiques, la durabilit\u00e9 et la r\u00e9silience de ces infrastructures deviennent des enjeux cruciaux pour Duba\u00ef.<\/li>\n<\/ul>\n<\/td>\n<\/tr>\n<p>Depuis des d\u00e9cennies, Duba\u00ef fascine par son architecture audacieuse et ses gratte-ciels vertigineux. Cette ville des \u00c9mirats arabes unis ne cesse de repousser les limites de l\u2019urbanisme moderne. Le dernier projet en date, le Downtown Residences, promet d\u2019ajouter une nouvelle dimension \u00e0 son horizon d\u00e9j\u00e0 impressionnant. Ce gratte-ciel, con\u00e7u par Deyaar Development, s\u2019appr\u00eate \u00e0 transformer le paysage urbain de Duba\u00ef en introduisant une structure r\u00e9sidentielle de 445 m\u00e8tres de haut, int\u00e9grant des \u00e9l\u00e9ments de luxe et d\u2019innovation architecturale in\u00e9gal\u00e9s. Quelles surprises nous r\u00e9serve cette nouvelle merveille d\u2019ing\u00e9nierie ?<\/p>\n<p>Un ajout monumental \u00e0 Business Bay<\/p>\n<p>Le Downtown Residences se dressera fi\u00e8rement dans le quartier en pleine expansion de Business Bay, un centre n\u00e9vralgique de l\u2019\u00e9conomie de Duba\u00ef. Con\u00e7u avec une base massive, ce projet se distinguera gr\u00e2ce \u00e0 ses sections jumelles, comme deux tours \u00e9lanc\u00e9es surgissant du sol. <strong>Chacune de ces tours est con\u00e7ue pour captiver le regard avec des segments qui, selon les concepteurs, accueilleront des espaces partag\u00e9s et des commodit\u00e9s de luxe<\/strong>. Cependant, ces zones segment\u00e9es pourraient aussi \u00eatre de simples \u00e9l\u00e9ments de design esth\u00e9tique, destin\u00e9s \u00e0 enrichir l\u2019attrait visuel du b\u00e2timent.<\/p>\n<p>La structure abritera 522 r\u00e9sidences, allant des appartements aux duplexes, sans oublier les penthouses et les sky mansions. Au sommet, l\u2019\u00e9difice culminera avec un palais royal, offrant une vue imprenable sur la ville et le d\u00e9sert environnant. Un jardin vert sur le toit de la section la plus courte du gratte-ciel viendra ajouter une touche d\u2019\u00e9cologie et de nature \u00e0 cet ensemble urbain.<\/p>\n<blockquote class=\"wp-embedded-content\" data-secret=\"ZYlVIUZ5rO\">\n<p><a href=\"https:\/\/hellobiz.fr\/2025\/06\/20\/cette-peinture-imite-la-peau-de-requin-des-economies-de-carburant-spectaculaires-pour-les-avions-de-demain\/\" rel=\"nofollow noopener\" target=\"_blank\">\u00ab Cette peinture imite la peau de requin \u00bb : des \u00e9conomies de carburant spectaculaires pour les avions de demain<\/a><\/p>\n<\/blockquote>\n<p>Des services et commodit\u00e9s de haut niveau<\/p>\n<p>Deyaar Development a imagin\u00e9 le Downtown Residences comme bien plus qu\u2019un simple immeuble r\u00e9sidentiel. <strong>Il s\u2019agit d\u2019un v\u00e9ritable microcosme de vie urbaine de luxe, o\u00f9 chaque segment vertical offre une exp\u00e9rience diff\u00e9rente<\/strong>. Les habitants pourront profiter de Dynamic Avenue, un espace de bien-\u00eatre et de socialisation, et de Sky Pinnacle 360, un lieu d\u00e9di\u00e9 \u00e0 l\u2019accomplissement personnel.<\/p>\n<p>Le projet inclut \u00e9galement un Sensory Oasis, situ\u00e9 au milieu de la tour, qui proposera des jardins suspendus, des zones de yoga a\u00e9rien, des capsules de m\u00e9ditation pilot\u00e9es par intelligence artificielle, ainsi qu\u2019un spa invisible et des espaces de remise en forme luxueux. Au sommet du gratte-ciel, la Summit Society proposera des concepts de restauration exclusifs, des salons priv\u00e9s, une grande salle de projection, ainsi qu\u2019un Legacy Lounge, pour savourer l\u2019art de vivre \u00e0 la duba\u00efote.<\/p>\n<blockquote class=\"wp-embedded-content\" data-secret=\"SaLYaEwKkI\">\n<p><a href=\"https:\/\/hellobiz.fr\/2025\/06\/28\/airbus-defie-les-lois-de-laeronautique-ce-concept-davion-hydrogene-ultra-innovant-pourrait-bouleverser-lavenir-du-transport-aerien-mondial\/\" rel=\"nofollow noopener\" target=\"_blank\">Airbus d\u00e9fie les lois de l\u2019a\u00e9ronautique : ce concept d\u2019avion hydrog\u00e8ne ultra-innovant pourrait bouleverser l\u2019avenir du transport a\u00e9rien mondial<\/a><\/p>\n<\/blockquote>\n<p>Le d\u00e9fi des gratte-ciels r\u00e9sidentiels<\/p>\n<p>La course aux cieux de Duba\u00ef ne montre aucun signe de ralentissement. Avec une hauteur de 445 m\u00e8tres, le Downtown Residences deviendra l\u2019un des plus hauts \u00e9difices r\u00e9sidentiels au monde. Toutefois, d\u2019autres projets, comme le Six Senses Residences Dubai Marina, pr\u00e9vu pour 2028, pourraient bien le surpasser avec ses 517 m\u00e8tres.<\/p>\n<p><img loading=\"lazy\" width=\"2560\" height=\"1530\" decoding=\"async\" src=\"data:image\/svg+xml,%3Csvg%20xmlns=\" http:=\"\" alt=\"Les Downtown Residences s'\u00e9l\u00e8veront \u00e0 une hauteur impressionnante de 445 m, pla\u00e7ant ce projet parmi les gratte-ciels r\u00e9sidentiels les plus hauts au monde.\" data-lazy-src=\"https:\/\/www.europesays.com\/fr\/wp-content\/uploads\/2025\/07\/ce-gratte-ciel-va-faire-trembler-le-monde-entier-decouvrez-comment-cette-tour-residentielle-de-457-m.jpeg\"\/><\/p>\n<p>Cette comp\u00e9tition f\u00e9roce pour la hauteur s\u2019accompagne de pr\u00e9occupations environnementales croissantes. La ville a r\u00e9cemment \u00e9t\u00e9 confront\u00e9e \u00e0 des inondations importantes, que de nombreux scientifiques attribuent au changement climatique. Ces d\u00e9fis posent la question de la durabilit\u00e9 et de la r\u00e9silience des infrastructures futures face \u00e0 un climat de plus en plus impr\u00e9visible.<\/p>\n<blockquote class=\"wp-embedded-content\" data-secret=\"cyZY9fBmR6\">\n<p><a href=\"https:\/\/hellobiz.fr\/2025\/04\/11\/jai-triple-mes-ventes-en-une-semaine-grace-a-acheter-des-fans-com-voici-le-fournisseur-davis-google-qui-fait-exploser-toutes-les-e-reputations\/\" rel=\"nofollow noopener\" target=\"_blank\">\u00ab J\u2019ai tripl\u00e9 mes ventes en une semaine gr\u00e2ce \u00e0 Acheter-des-Fans.com \u00bb : voici le fournisseur d\u2019avis Google qui fait exploser toutes les e-r\u00e9putations<\/a><\/p>\n<\/blockquote>\n<p>Les enjeux de l\u2019expansion urbaine<\/p>\n<p>Le d\u00e9veloppement de projets tels que le Downtown Residences s\u2019inscrit dans une dynamique d\u2019expansion continue de Duba\u00ef, qui vise \u00e0 se positionner comme un leader mondial en mati\u00e8re d\u2019architecture et de technologie. Cependant, cette croissance rapide soul\u00e8ve des questions sur l\u2019impact environnemental et social de telles constructions.<\/p>\n<p><img loading=\"lazy\" width=\"2046\" height=\"2560\" decoding=\"async\" src=\"data:image\/svg+xml,%3Csvg%20xmlns=\" http:=\"\" alt=\"La fin des travaux des Downtown Residences est pr\u00e9vue pour fin 2030 et le b\u00e2timent abritera 522 logements, dont un Palais Royal au sommet.\" data-lazy-src=\"https:\/\/www.europesays.com\/fr\/wp-content\/uploads\/2025\/07\/1752274102_82_ce-gratte-ciel-va-faire-trembler-le-monde-entier-decouvrez-comment-cette-tour-residentielle-de-457-m.jpeg\"\/><\/p>\n<p>Alors que Duba\u00ef continue de s\u2019\u00e9tendre, il est crucial de prendre en compte les effets \u00e0 long terme de ces projets sur les ressources naturelles et la qualit\u00e9 de vie des habitants. <strong>L\u2019\u00e9quilibre entre d\u00e9veloppement \u00e9conomique, innovation technologique et pr\u00e9servation environnementale devient un enjeu de taille pour les autorit\u00e9s locales<\/strong>. Comment g\u00e9rer ces d\u00e9fis tout en poursuivant l\u2019ambition de devenir une m\u00e9tropole futuriste et durable ?<\/p>\n<p>Avec l\u2019ach\u00e8vement pr\u00e9vu du Downtown Residences d\u2019ici la fin de 2030, Duba\u00ef continue de repousser les limites de ce qui est possible dans l\u2019architecture urbaine. Cette tour, symbole de luxe et de modernit\u00e9, soul\u00e8ve des questions essentielles sur l\u2019avenir des villes dans un monde en pleine \u00e9volution. Tandis que les gratte-ciels continuent de s\u2019\u00e9lever, comment les architectes et urbanistes peuvent-ils int\u00e9grer des solutions durables qui r\u00e9pondent aux besoins des g\u00e9n\u00e9rations futures ?<\/p>\n<p>Cet article s\u2019appuie sur des sources v\u00e9rifi\u00e9es et l\u2019assistance de technologies \u00e9ditoriales.<\/p>\n<p id=\"rating\">\u00c7a vous a plu ?\u00a04.6\/5 (29)<\/p>\n","protected":false},"excerpt":{"rendered":"EN BREF \ud83c\udf06 Le Downtown Residences s\u2019\u00e9l\u00e8vera \u00e0 445 m\u00e8tres, transformant l\u2019horizon de Duba\u00ef avec son design audacieux.&hellip;\n","protected":false},"author":2,"featured_media":243556,"comment_status":"","ping_status":"","sticky":false,"template":"","format":"standard","meta":{"footnotes":""},"categories":[1358],"tags":[1348,1384,1385,1386,58,59,1011,27],"class_list":{"0":"post-243555","1":"post","2":"type-post","3":"status-publish","4":"format-standard","5":"has-post-thumbnail","7":"category-arts-et-design","8":"tag-arts","9":"tag-arts-and-design","10":"tag-arts-et-design","11":"tag-design","12":"tag-divertissement","13":"tag-entertainment","14":"tag-fr","15":"tag-france"},"share_on_mastodon":{"url":"https:\/\/pubeurope.com\/@fr\/114837042375760438","error":""},"_links":{"self":[{"href":"https:\/\/www.europesays.com\/fr\/wp-json\/wp\/v2\/posts\/243555","targetHints":{"allow":["GET"]}}],"collection":[{"href":"https:\/\/www.europesays.com\/fr\/wp-json\/wp\/v2\/posts"}],"about":[{"href":"https:\/\/www.europesays.com\/fr\/wp-json\/wp\/v2\/types\/post"}],"author":[{"embeddable":true,"href":"https:\/\/www.europesays.com\/fr\/wp-json\/wp\/v2\/users\/2"}],"replies":[{"embeddable":true,"href":"https:\/\/www.europesays.com\/fr\/wp-json\/wp\/v2\/comments?post=243555"}],"version-history":[{"count":0,"href":"https:\/\/www.europesays.com\/fr\/wp-json\/wp\/v2\/posts\/243555\/revisions"}],"wp:featuredmedia":[{"embeddable":true,"href":"https:\/\/www.europesays.com\/fr\/wp-json\/wp\/v2\/media\/243556"}],"wp:attachment":[{"href":"https:\/\/www.europesays.com\/fr\/wp-json\/wp\/v2\/media?parent=243555"}],"wp:term":[{"taxonomy":"category","embeddable":true,"href":"https:\/\/www.europesays.com\/fr\/wp-json\/wp\/v2\/categories?post=243555"},{"taxonomy":"post_tag","embeddable":true,"href":"https:\/\/www.europesays.com\/fr\/wp-json\/wp\/v2\/tags?post=243555"}],"curies":[{"name":"wp","href":"https:\/\/api.w.org\/{rel}","templated":true}]}}