{"id":243564,"date":"2025-07-11T22:53:10","date_gmt":"2025-07-11T22:53:10","guid":{"rendered":"https:\/\/www.europesays.com\/fr\/243564\/"},"modified":"2025-07-11T22:53:10","modified_gmt":"2025-07-11T22:53:10","slug":"les-enfants-restent-trop-mal-proteges-du-soleil-actualites","status":"publish","type":"post","link":"https:\/\/www.europesays.com\/fr\/243564\/","title":{"rendered":"Les enfants restent trop mal prot\u00e9g\u00e9s du soleil : Actualit\u00e9s"},"content":{"rendered":"<p class=\"lead \">Ne pas exposer un b\u00e9b\u00e9 au soleil, mettre un chapeau \u00e0 son enfant m\u00eame si le temps est couvert&#8230; Ces recommandations sont essentielles pour r\u00e9duire le risque de cancer \u00e0 l&rsquo;\u00e2ge adulte. Mais elles restent trop peu appliqu\u00e9es, regrettent des m\u00e9decins. <\/p>\n<p class=\"lead \">\u00ab\u00a0On ne prot\u00e8ge pas assez bien les enfants du soleil\u00a0\u00bb, r\u00e9sume \u00e0 l&rsquo;AFP Sophie Mallet, membre de la Soci\u00e9t\u00e9 fran\u00e7aise de dermatologie (SFD), qui vient de lancer une alerte en ce sens.<\/p>\n<p class=\"lead \">L&rsquo;organisme a l&rsquo;habitude de communiquer chaque \u00e9t\u00e9 sur la n\u00e9cessit\u00e9 de bien se prot\u00e9ger du soleil. Mais c&rsquo;est la premi\u00e8re fois que les dermatologues fran\u00e7ais se concentrent sur la situation des enfants.<\/p>\n<p class=\"lead \">C&rsquo;est un \u00ab\u00a0enjeu de sant\u00e9 publique\u00a0\u00bb, souligne la SFD dans un communiqu\u00e9 publi\u00e9 mercredi. Elle rappelle que la peau des enfants est plus fragile et cite des \u00e9tudes montrant qu&rsquo;un coup de soleil avant 15 ans double le risque de d\u00e9velopper un jour un m\u00e9lanome, le cancer de la peau le plus meurtrier.<\/p>\n<p class=\"lead \">Un enfant doit le moins possible \u00eatre expos\u00e9 au soleil jusqu&rsquo;\u00e0 trois ans, soulignent les dermatologues. M\u00eame plus \u00e2g\u00e9, il faut \u00e9viter de s&rsquo;exposer entre midi et 16 heures. Et privil\u00e9gier des v\u00eatements couvrants, notamment un chapeau \u00e0 larges bords, m\u00eame si le temps est couvert, car les nuages laissent passer le plus gros des rayons ultraviolets (UV).<\/p>\n<p class=\"lead \">Or, un coup d\u2019\u0153il \u00e0 l&rsquo;espace public permet de se rendre compte qu&rsquo;enfants et b\u00e9b\u00e9s restent souvent mal prot\u00e9g\u00e9s, par rapport \u00e0 ces recommandations.<\/p>\n<p class=\"lead \">Certes, \u00ab\u00a0il y a un mieux: on voit un peu plus d&rsquo;enfants prot\u00e9g\u00e9s \u00e0 la plage, on ne le voyait pas encore il y a quelques ann\u00e9es\u00a0\u00bb, admet Mme Mallet. <\/p>\n<p class=\"lead \">\u00ab\u00a0Mais la protection, c&rsquo;est toute l&rsquo;ann\u00e9e et tous les jours\u00a0\u00bb, pr\u00e9vient-elle.<\/p>\n<p class=\"lead \">Au quotidien, la bonne information des parents est donc essentielle. Mais le message doit \u00e9galement passer aupr\u00e8s des \u00e9coles et des \u00e9tablissements, comme les cr\u00e8ches, qui accueillent des b\u00e9b\u00e9s, les plus vuln\u00e9rables au soleil.<\/p>\n<p class=\"lead \">&#8211; Cr\u00e8mes solaires insuffisantes &#8211;<\/p>\n<p class=\"lead \">\u00ab\u00a0Les directives, on en a tous les ans par rapport \u00e0 la chaleur: des circulaires +attention, aux fortes chaleurs+, +faire bien boire les enfants+&#8230; Mais c&rsquo;est vrai qu&rsquo;il n&rsquo;y en a pas par rapport au soleil\u00a0\u00bb, reconna\u00eet aupr\u00e8s de l&rsquo;AFP V\u00e9ronique Escames, auxiliaire de pu\u00e9riculture et secr\u00e9taire g\u00e9n\u00e9rale du Syndicat national des professionnels de la petite enfance (SNPPE).<\/p>\n<p class=\"lead \">Elle estime cependant que les professionnels, souvent issus d&rsquo;une formation param\u00e9dicale, sont sensibilis\u00e9s au sujet, m\u00eame si elle admet qu&rsquo;il est plus difficile de faire passer le message de pr\u00e9vention \u00ab\u00a0quand le temps est couvert\u00a0\u00bb.<\/p>\n<p class=\"lead \">Un autre point contribue, selon les m\u00e9decins, \u00e0 mal prot\u00e9ger les enfants: croire que la cr\u00e8me solaire peut tout faire. <\/p>\n<p class=\"lead \">Les dermatologues recommandent d&rsquo;appliquer r\u00e9guli\u00e8rement de la cr\u00e8me aux enfants en cas d&rsquo;exposition au soleil. Mais ils pr\u00e9viennent que cette mesure doit \u00eatre consid\u00e9r\u00e9e comme un compl\u00e9ment et n&rsquo;\u00e9limine pas pleinement les risques quand on expose les plus petits.<\/p>\n<p class=\"lead \">Or, certains fabricants de cr\u00e8me solaire mettent en avant des produits sp\u00e9cifiquement destin\u00e9s aux enfants ou aux b\u00e9b\u00e9s. Avec le danger, pour certains observateurs, de semer la confusion dans l&rsquo;esprit des parents.<\/p>\n<p class=\"lead \">\u00ab\u00a0Des produits solaires affichent +d\u00e8s la sortie de maternit\u00e9+ ou +d\u00e8s z\u00e9ro mois+: c&rsquo;est compl\u00e8tement aberrant\u00a0\u00bb, s&rsquo;agace aupr\u00e8s de l&rsquo;AFP C\u00e9line Couteau, docteure en pharmacie et sp\u00e9cialiste en cosm\u00e9tologie, qui m\u00e8ne r\u00e9guli\u00e8rement des analyses de protections solaires.<\/p>\n<p class=\"lead \">\u00ab\u00a0On dit de ne pas exposer les enfants, mais on va vendre un produit pour les exposer\u00a0\u00bb, insiste Mme Couteau, rapportant par ailleurs que ses tests mettent r\u00e9guli\u00e8rement en \u00e9vidence une efficacit\u00e9 moindre des cr\u00e8mes par rapport au niveau promis.<\/p>\n<p class=\"lead \">L&rsquo;agence fran\u00e7aise de s\u00e9curit\u00e9 sanitaire, l&rsquo;Anses, a d&rsquo;ailleurs demand\u00e9 fin 2024 d&rsquo;interdire toute mention ciblant les \u00ab\u00a0enfants\u00a0\u00bb sur les produits solaires. Cette suggestion s&rsquo;inscrivait dans le cadre de la r\u00e9vision, encore en cours, d&rsquo;une recommandation europ\u00e9enne.<\/p>\n<p class=\"lead \">Interrog\u00e9e par l&rsquo;AFP, la F\u00e9d\u00e9ration des entreprises de la beaut\u00e9 (Febea), qui inclut les fabricants cr\u00e8mes solaires, a assur\u00e9 qu&rsquo;elle recommandait, elle aussi, de tenir les b\u00e9b\u00e9s et jeunes enfants \u00e9loign\u00e9s du soleil. <\/p>\n<p class=\"lead \">Mais \u00ab\u00a0en cas d&rsquo;exposition in\u00e9vitable, la protection solaire est indispensable pour prot\u00e9ger les parties du corps expos\u00e9es\u00a0\u00bb, insiste-t-elle.<\/p>\n<p class=\"small font-weight-bold text-gray3 \"> publi\u00e9 le 11 juillet \u00e0 17h15, AFP<\/p>\n<p>                             Partager<\/p>\n","protected":false},"excerpt":{"rendered":"Ne pas exposer un b\u00e9b\u00e9 au soleil, mettre un chapeau \u00e0 son enfant m\u00eame si le temps est&hellip;\n","protected":false},"author":2,"featured_media":243565,"comment_status":"","ping_status":"","sticky":false,"template":"","format":"standard","meta":{"footnotes":""},"categories":[10],"tags":[10171,101,38324,1719,1011,27,72,21815,693,585,71],"class_list":{"0":"post-243564","1":"post","2":"type-post","3":"status-publish","4":"format-standard","5":"has-post-thumbnail","7":"category-sante","8":"tag-bb","9":"tag-cancer","10":"tag-cosmtiques","11":"tag-enfants","12":"tag-fr","13":"tag-france","14":"tag-health","15":"tag-hygine","16":"tag-industrie","17":"tag-sant","18":"tag-sante"},"share_on_mastodon":{"url":"https:\/\/pubeurope.com\/@fr\/114837061818871437","error":""},"_links":{"self":[{"href":"https:\/\/www.europesays.com\/fr\/wp-json\/wp\/v2\/posts\/243564","targetHints":{"allow":["GET"]}}],"collection":[{"href":"https:\/\/www.europesays.com\/fr\/wp-json\/wp\/v2\/posts"}],"about":[{"href":"https:\/\/www.europesays.com\/fr\/wp-json\/wp\/v2\/types\/post"}],"author":[{"embeddable":true,"href":"https:\/\/www.europesays.com\/fr\/wp-json\/wp\/v2\/users\/2"}],"replies":[{"embeddable":true,"href":"https:\/\/www.europesays.com\/fr\/wp-json\/wp\/v2\/comments?post=243564"}],"version-history":[{"count":0,"href":"https:\/\/www.europesays.com\/fr\/wp-json\/wp\/v2\/posts\/243564\/revisions"}],"wp:featuredmedia":[{"embeddable":true,"href":"https:\/\/www.europesays.com\/fr\/wp-json\/wp\/v2\/media\/243565"}],"wp:attachment":[{"href":"https:\/\/www.europesays.com\/fr\/wp-json\/wp\/v2\/media?parent=243564"}],"wp:term":[{"taxonomy":"category","embeddable":true,"href":"https:\/\/www.europesays.com\/fr\/wp-json\/wp\/v2\/categories?post=243564"},{"taxonomy":"post_tag","embeddable":true,"href":"https:\/\/www.europesays.com\/fr\/wp-json\/wp\/v2\/tags?post=243564"}],"curies":[{"name":"wp","href":"https:\/\/api.w.org\/{rel}","templated":true}]}}