{"id":243568,"date":"2025-07-11T22:55:11","date_gmt":"2025-07-11T22:55:11","guid":{"rendered":"https:\/\/www.europesays.com\/fr\/243568\/"},"modified":"2025-07-11T22:55:11","modified_gmt":"2025-07-11T22:55:11","slug":"emilien-douze-coups-de-midi-fait-louverture-de-la-matinale-dabc-aux-etats-unis","status":"publish","type":"post","link":"https:\/\/www.europesays.com\/fr\/243568\/","title":{"rendered":"\u00c9milien (\u00abDouze coups de midi\u00bb) fait l\u2019ouverture de la matinale d\u2019ABC aux \u00c9tats-Unis"},"content":{"rendered":"<p>                             Par Marine Cassan<\/p>\n<p>                Le 11 juillet 2025 \u00e0 23h55<\/p>\n<p>    \u00c9milien dans \u00abLes 12 coups de midi\u00bb sur TF1<br \/>\n                Endemol \/ TF1<\/p>\n<p>\u00c9limin\u00e9 le dimanche 6 juillet dernier, le recordman du jeu pr\u00e9sent\u00e9 par Jean-Luc Reichmann fait parler de lui outre Atlantique. Avec 647 participations et une cagnotte de 2,5 millions d\u2019euros, l\u2019\u00e9tudiant de 22 ans inspire la presse am\u00e9ricaine mais aussi allemande.<\/p>\n<p class=\"fig-paragraph\">\u00abIN-CROYA-BLE.\u00bb Le succ\u00e8s de l\u2019ex-ma\u00eetre de midi, \u00c9milien, d\u00e9passe les fronti\u00e8res et s\u2019\u00e9tend \u00e0 l\u2019Allemagne mais aussi aux \u00c9tats-Unis. En effet, malgr\u00e9 son \u00e9limination ce dimanche 6 juillet du jeu \u00abLes Douze coups de midi\u00bb, le jeune homme sera \u00e0 nouveau \u00e0 l\u2019\u00e9cran ce vendredi 11 juillet \u00e0 l\u2019occasion d\u2019un prime \u00e9v\u00e9nement\u00a0:\u00a0<a href=\"https:\/\/tvmag.lefigaro.fr\/programme-tv\/programme\/les-12-coups-f966934696\" target=\"_blank\" rel=\"noopener\" data-gtm-custom-categorie=\"navigation\" data-gtm-custom-action=\"crossclick\" data-gtm-custom-label=\"Contextuel\" data-gtm-event=\"customEventSPE\">\u00abLe combat des ma\u00eetres\u00bb.<\/a> L\u2019\u00e9mission sp\u00e9ciale opposera les deux plus grands champions des\u00a0<a href=\"https:\/\/tvmag.lefigaro.fr\/programme-tv\/programme\/les-douze-coups-de-midi-d1683682184\" target=\"_blank\" rel=\"noopener\" data-gtm-custom-categorie=\"navigation\" data-gtm-custom-action=\"crossclick\" data-gtm-custom-label=\"Contextuel\" data-gtm-event=\"customEventSPE\"><strong>\u00ab12 coups de midi\u00bb<\/strong><\/a> \u00a0: Xavier et \u00c9milien.<\/p>\n<p class=\"fig-paragraph\">Pour rappel, \u00c9milien \u00e9tait devenu le recordman de l\u2019\u00e9mission pr\u00e9sent\u00e9e par Jean-Luc Reichmann. Il s\u2019est inclin\u00e9 apr\u00e8s 647 \u00e9missions et vingt-et-un mois de comp\u00e9tition. Le num\u00e9ro signant son \u00e9viction avait d\u2019ailleurs \u00e9t\u00e9 suivi par 7 millions de t\u00e9l\u00e9spectateurs. Une importante m\u00e9diatisation pour l\u2019\u00e9tudiant en histoire. D\u2019autant qu\u2019elle s\u2019\u00e9tend outre Atlantique.<\/p>\n<p>                                    <a class=\"fig-a11y-skip a11y-hidden\" href=\"#fig-a11y-skip-main-inarticle\"><br \/>\n        Passer la publicit\u00e9<br \/>\n    <\/a><\/p>\n<p class=\"fig-paragraph\">D\u00e8s le 8 juillet, soit trois jours apr\u00e8s ladite \u00e9limination, la matinale de la cha\u00eene am\u00e9ricaine ABC, \u00abGood Morning America\u00bb, a choisi de d\u00e9dier un sujet au recordman fran\u00e7ais. \u00abUne histoire venue de France. Un gagnant record \u00e0 un jeu t\u00e9l\u00e9vis\u00e9 vient d\u2019\u00eatre \u00e9limin\u00e9. Un participant de 22 ans a battu tout le monde en 647 participations sur ces deux derni\u00e8res ann\u00e9es. Il a finalement perdu apr\u00e8s avoir remport\u00e9 pr\u00e8s de 3 millions de dollars en cash et cadeaux, et 23 voitures. F\u00e9licitations \u00e0 lui\u00bb, ont r\u00e9sum\u00e9 les deux pr\u00e9sentateurs am\u00e9ricains suivis en moyenne par 2,6 millions de t\u00e9l\u00e9spectateurs.<\/p>\n<p class=\"fig-body-link\">\n            \u00c0 lire aussi<br \/>\n        <a class=\"fig-body-link__link\" href=\"http:\/\/tvmag.lefigaro.fr\/programme-tv\/actu-tele\/emilien-champion-inconteste-des-douze-coups-de-midi-l-exercice-mediatique-me-parait-tres-bizarre-20250213\" target=\"_blank\" data-fig-type=\"Article\" rel=\"noopener\" data-gtm-custom-categorie=\"navigation\" data-gtm-custom-action=\"crossclick\" data-gtm-custom-label=\"Contextuel\" data-gtm-event=\"customEventSPE\" data-fig-domain=\"TVMAG\">\u00c9milien, champion incontest\u00e9 des \u00abDouze coups de midi\u00bb\u00a0: \u00abL\u2019exercice m\u00e9diatique me para\u00eet tr\u00e8s bizarre\u00bb<br \/>\n    <\/a>\n<\/p>\n<p class=\"fig-paragraph\">Les m\u00e9dias allemands se sont \u00e9galement empar\u00e9s de l\u2019histoire du candidat fran\u00e7ais. \u00abLe candidat \u00e9ternel\u00bb, l\u2019a qualifi\u00e9 le quotidien allemand <strong>Bild<\/strong> dans un article publi\u00e9 ce mercredi 9 juillet. Le journal n\u2019a d\u2019ailleurs pas h\u00e9sit\u00e9 \u00e0 rappeler qu\u2019une des questions ayant contribu\u00e9 \u00e0 l\u2019\u00e9limination du candidat portait sur le vocabulaire allemand\u00a0: \u00abComment s\u2019appelait l\u2019ancien pilote fran\u00e7ais de Formule 1, dont le nom signifie \u201csant\u00e9\u201d en allemand.\u00bb Question \u00e0 laquelle le participant aux 646 victoires est rest\u00e9 muet.<\/p>\n<p class=\"fig-paragraph\">Une visibilit\u00e9 internationale qui a impressionn\u00e9 Jean-Luc Reichmann. Le pr\u00e9sentateur des \u00ab12 coups de midi\u00bb s\u2019est exprim\u00e9 dans \u00abLe club de l\u2019\u00e9t\u00e9\u00bb sur Europe 1 ce vendredi 11 juillet. \u00abC\u2019est un truc de fou, \u00e7a d\u00e9passe les fronti\u00e8res, \u00e7a d\u00e9passe les oc\u00e9ans. Mais c\u2019est beau, \u00e7a veut dire qu\u2019en France, \u00e0 l\u2019\u00e9poque on n\u2019avait pas de p\u00e9trole mais on avait des id\u00e9es, donc on continue \u00e0 en avoir, vous voyez\u00bb, s\u2019est-il r\u00e9joui.<\/p>\n","protected":false},"excerpt":{"rendered":"Par Marine Cassan Le 11 juillet 2025 \u00e0 23h55 \u00c9milien dans \u00abLes 12 coups de midi\u00bb sur TF1&hellip;\n","protected":false},"author":2,"featured_media":243569,"comment_status":"","ping_status":"","sticky":false,"template":"","format":"standard","meta":{"footnotes":""},"categories":[8],"tags":[58,59,1011,27,465,199],"class_list":{"0":"post-243568","1":"post","2":"type-post","3":"status-publish","4":"format-standard","5":"has-post-thumbnail","7":"category-divertissement","8":"tag-divertissement","9":"tag-entertainment","10":"tag-fr","11":"tag-france","12":"tag-jean-luc-reichmann","13":"tag-tf1"},"share_on_mastodon":{"url":"https:\/\/pubeurope.com\/@fr\/114837069682312658","error":""},"_links":{"self":[{"href":"https:\/\/www.europesays.com\/fr\/wp-json\/wp\/v2\/posts\/243568","targetHints":{"allow":["GET"]}}],"collection":[{"href":"https:\/\/www.europesays.com\/fr\/wp-json\/wp\/v2\/posts"}],"about":[{"href":"https:\/\/www.europesays.com\/fr\/wp-json\/wp\/v2\/types\/post"}],"author":[{"embeddable":true,"href":"https:\/\/www.europesays.com\/fr\/wp-json\/wp\/v2\/users\/2"}],"replies":[{"embeddable":true,"href":"https:\/\/www.europesays.com\/fr\/wp-json\/wp\/v2\/comments?post=243568"}],"version-history":[{"count":0,"href":"https:\/\/www.europesays.com\/fr\/wp-json\/wp\/v2\/posts\/243568\/revisions"}],"wp:featuredmedia":[{"embeddable":true,"href":"https:\/\/www.europesays.com\/fr\/wp-json\/wp\/v2\/media\/243569"}],"wp:attachment":[{"href":"https:\/\/www.europesays.com\/fr\/wp-json\/wp\/v2\/media?parent=243568"}],"wp:term":[{"taxonomy":"category","embeddable":true,"href":"https:\/\/www.europesays.com\/fr\/wp-json\/wp\/v2\/categories?post=243568"},{"taxonomy":"post_tag","embeddable":true,"href":"https:\/\/www.europesays.com\/fr\/wp-json\/wp\/v2\/tags?post=243568"}],"curies":[{"name":"wp","href":"https:\/\/api.w.org\/{rel}","templated":true}]}}