{"id":24357,"date":"2025-04-14T13:38:30","date_gmt":"2025-04-14T13:38:30","guid":{"rendered":"https:\/\/www.europesays.com\/fr\/24357\/"},"modified":"2025-04-14T13:38:30","modified_gmt":"2025-04-14T13:38:30","slug":"lille-ce-chanteur-star-des-annees-2000-sera-bientot-en-concert-au-sebastopol","status":"publish","type":"post","link":"https:\/\/www.europesays.com\/fr\/24357\/","title":{"rendered":"Lille. Ce chanteur star des ann\u00e9es 2000 sera bient\u00f4t en concert au S\u00e9bastopol\u00a0!"},"content":{"rendered":"<p>            Par<br \/>\n        <strong><br \/>\n            <a href=\"https:\/\/actu.fr\/auteur\/nicolas-demollien\" title=\"Consulter tous les articles de Nicolas Demollien\" rel=\"nofollow noopener\" target=\"_blank\">Nicolas Demollien<\/a><br \/>\n        <\/strong><\/p>\n<p>        Publi\u00e9 le<\/p>\n<p>            14 avr. 2025 \u00e0 10h58        <\/p>\n<p>Avis aux amoureux du <b>R&amp;B<\/b> et aux <b>nostalgiques<\/b> ! Dimanche 27 avril 2025, c\u2019est un <b>chanteur star des ann\u00e9es 2000<\/b> qui sera sur la sc\u00e8ne du <b>th\u00e9\u00e2tre S\u00e9bastopol<\/b> de <a href=\"https:\/\/actu.fr\/hauts-de-france\/lille_59350\" rel=\"nofollow noopener\" target=\"_blank\">Lille<\/a> (Nord) pour un grand <a href=\"https:\/\/actu.fr\/loisirs-culture\/concert\" rel=\"nofollow noopener\" target=\"_blank\">concert<\/a>.<\/p>\n<p>Chanteur star des ann\u00e9es 2000, Singuila d\u00e9barque \u00e0 Lille pour un grand concert<\/p>\n<p class=\" wall-content\">Cet artiste, c\u2019est <b>Singuila<\/b> !\u00a0Apr\u00e8s deux Olympia complets en 24 heures en septembre 2024 et un Z\u00e9nith Paris-La Villette lui aussi d\u00e9j\u00e0 complet le 11 avril 2025, Singuila a annonc\u00e9 trois nouvelles dates exclusives en France dont Lille.<\/p>\n<p class=\" wall-content\">D\u2019origine congolaise, Singuila est devenu en 1998 le premier artiste R&amp;B du <b>prestigieux label secteur \u00c4<\/b>. Apr\u00e8s plusieurs collaborations, il sort son premier album en 2003 \u00ab\u00a0On ne vit qu\u2019une fois\u00a0\u00bb, avec la <b>participation de Jacky des Neg Marron et de Lino d\u2019Arsenic<\/b>.\u00a0<\/p>\n<p class=\" wall-content\">\u00a0Son opus a pour th\u00e8me les relations humaines, amoureuses, le tout \u00e9crit avec un regard d\u00e9cal\u00e9 et un \u00ab\u00a0parler-vrai\u00a0\u00bb qui deviendront sa marque de fabrique, et le positionneront comme un auteur-compositeur \u00e0 part. Si le premier single \u00ab\u00a0Ma conscience\u00a0\u00bb remporte un franc succ\u00e8s, c\u2019est le <b>morceau \u00ab\u00a0C\u2019est trop\u00a0\u00bb<\/b> qui r\u00e9v\u00e8le Singuila, avec plus de 200 000 exemplaires vendus.<\/p>\n<p class=\" wall-content\">\n<p class=\" wall-content\">L\u2019ascension de l\u2019artiste se poursuit lorsqu\u2019il enregistre le duo avec la chanteuse anglaise Jamelia sur le morceau \u00ab\u00a0Thank you\u00a0\u00bb.\u00a0<\/p>\n<p>Vid\u00e9os : en ce moment sur Actu<\/p>\n<p class=\" wall-content\">\u00a0Retour gagnant en ao\u00fbt 2006 avec \u00ab\u00a0Ghettos compositeurs\u00a0\u00bb qui comprend les singles \u00ab\u00a0Le temps passe trop vite\u00a0\u00bb et \u00ab\u00a0Ma nature\u00a0\u00bb. Par la suite, Singuila entame une tourn\u00e9e mondiale, avec notamment un passage en Afrique.<\/p>\n<p class=\" wall-content\">En 2010, le single \u00ab\u00a0Reviens je t\u2019en prie\u00a0\u00bb, pr\u00e9c\u00e9d\u00e9 du duo avec le chanteur Marc-Antoine \u00ab\u00a0J\u2019suis K.O\u00a0\u00bb marquent le retour de Singuila sur la sc\u00e8ne R&amp;B fran\u00e7aise. \u00a0Il enchainera ensuite avec une nouvelle tourn\u00e9e mondiale, et un ensemble de titre \u00e0 succ\u00e8s tels que \u00ab\u00a0\u00c7a fait mal\u00a0\u00bb ou encore \u00ab\u00a0J\u2019ai le sang chaud\u00a0\u00bb. Mais c\u2019est en 2016, que sa carri\u00e8re prendra un nouveau tournant avec le classique \u00ab\u00a0Rossignol\u00a0\u00bb. S\u2019encha\u00eeneront ensuite les cartons entre 2017 et 2018 \u00ab\u00a0Ay Mama\u00a0\u00bb et \u00ab\u00a0Faut pas me toucher\u00a0\u00bb qui sont venus confirmer ce nouvel \u00e9lan artistique.\u00a0<\/p>\n<p class=\" wall-content\">\u00a0Fort de sa signature chez Universal Music Africa, il sort l\u2019album \u00ab\u00a0Docteur Love\u00a0\u00bb en 2021.<\/p>\n<p class=\" wall-content\">Singuila sera au Th\u00e9\u00e2tre S\u00e9bastopol le 27 avril \u00e0 20h. Informations et r\u00e9servations sur le site <a href=\"https:\/\/tumetonnesprod.trium.fr\/fr\/t\/-\/event\/57413\" rel=\"nofollow noopener\" target=\"_blank\">tumetonnesprod.trium.fr<\/a><\/p>\n<p class=\" wall-content\">Suivez toute l\u2019actualit\u00e9 de vos villes et m\u00e9dias favoris en vous inscrivant \u00e0 <a href=\"https:\/\/moncompte.actu.fr\" title=\"D\u00e9couvez Mon Actu\" rel=\"nofollow noopener\" data-trk=\"{&quot;cta&quot;:{&quot;action&quot;:&quot;https:\\\/\\\/moncompte.actu.fr&quot;,&quot;category&quot;:&quot;mon compte&quot;,&quot;from&quot;:&quot;article footer&quot;,&quot;name&quot;:&quot;Mon actu&quot;,&quot;type&quot;:&quot;cta&quot;}}\" target=\"_blank\">Mon Actu<\/a>.<\/p>\n","protected":false},"excerpt":{"rendered":"Par Nicolas Demollien Publi\u00e9 le 14 avr. 2025 \u00e0 10h58 Avis aux amoureux du R&amp;B et aux nostalgiques&hellip;\n","protected":false},"author":2,"featured_media":24358,"comment_status":"","ping_status":"","sticky":false,"template":"","format":"standard","meta":{"footnotes":""},"categories":[2815],"tags":[1111,11,1697,1777,674,1011,27,811,1307,1652,12,25],"class_list":{"0":"post-24357","1":"post","2":"type-post","3":"status-publish","4":"format-standard","5":"has-post-thumbnail","7":"category-lille","8":"tag-actu","9":"tag-actualites","10":"tag-concert","11":"tag-eu","12":"tag-europe","13":"tag-fr","14":"tag-france","15":"tag-hauts-de-france","16":"tag-lille","17":"tag-loisirs-culture","18":"tag-news","19":"tag-republique-francaise"},"share_on_mastodon":{"url":"https:\/\/pubeurope.com\/@fr\/114336596176148358","error":""},"_links":{"self":[{"href":"https:\/\/www.europesays.com\/fr\/wp-json\/wp\/v2\/posts\/24357","targetHints":{"allow":["GET"]}}],"collection":[{"href":"https:\/\/www.europesays.com\/fr\/wp-json\/wp\/v2\/posts"}],"about":[{"href":"https:\/\/www.europesays.com\/fr\/wp-json\/wp\/v2\/types\/post"}],"author":[{"embeddable":true,"href":"https:\/\/www.europesays.com\/fr\/wp-json\/wp\/v2\/users\/2"}],"replies":[{"embeddable":true,"href":"https:\/\/www.europesays.com\/fr\/wp-json\/wp\/v2\/comments?post=24357"}],"version-history":[{"count":0,"href":"https:\/\/www.europesays.com\/fr\/wp-json\/wp\/v2\/posts\/24357\/revisions"}],"wp:featuredmedia":[{"embeddable":true,"href":"https:\/\/www.europesays.com\/fr\/wp-json\/wp\/v2\/media\/24358"}],"wp:attachment":[{"href":"https:\/\/www.europesays.com\/fr\/wp-json\/wp\/v2\/media?parent=24357"}],"wp:term":[{"taxonomy":"category","embeddable":true,"href":"https:\/\/www.europesays.com\/fr\/wp-json\/wp\/v2\/categories?post=24357"},{"taxonomy":"post_tag","embeddable":true,"href":"https:\/\/www.europesays.com\/fr\/wp-json\/wp\/v2\/tags?post=24357"}],"curies":[{"name":"wp","href":"https:\/\/api.w.org\/{rel}","templated":true}]}}