{"id":243572,"date":"2025-07-11T22:57:09","date_gmt":"2025-07-11T22:57:09","guid":{"rendered":"https:\/\/www.europesays.com\/fr\/243572\/"},"modified":"2025-07-11T22:57:09","modified_gmt":"2025-07-11T22:57:09","slug":"apres-les-corn-flakes-de-kellogg-ferrero-en-passe-dengloutir-le-fabricant-des-carambar","status":"publish","type":"post","link":"https:\/\/www.europesays.com\/fr\/243572\/","title":{"rendered":"Apr\u00e8s les Corn Flakes de Kellogg, Ferrero en passe d\u2019engloutir le fabricant des Carambar"},"content":{"rendered":"<p>Le groupe italien <a href=\"https:\/\/www.20minutes.fr\/economie\/ferrero\/\" target=\"_blank\" class=\"color-ultramarine c-link\" rel=\"nofollow noopener\">Ferrero<\/a> poursuit sa fr\u00e9n\u00e9sie d\u2019acquisitions. Apr\u00e8s avoir annonc\u00e9 le rachat du groupe am\u00e9ricain <a href=\"https:\/\/www.20minutes.fr\/economie\/4163091-20250710-nutella-cereales-ferrero-rachete-kellogg-3-1-milliards-dollars\" target=\"_blank\" class=\"color-ultramarine c-link\" rel=\"nofollow noopener\">WK Kellogg<\/a>, sp\u00e9cialiste des c\u00e9r\u00e9ales pour petit-d\u00e9jeuner, le g\u00e9ant du Nutella est d\u00e9sormais en discussion exclusive pour acqu\u00e9rir CPK (Carambar Poulain Krema), fleuron fran\u00e7ais de la confiserie. L\u2019op\u00e9ration, r\u00e9v\u00e9l\u00e9e vendredi par Eurazeo, l\u2019actionnaire majoritaire de CPK, est encore soumise \u00e0 l\u2019autorisation des autorit\u00e9s de la concurrence.<\/p>\n<p><a href=\"https:\/\/www.20minutes.fr\/economie\/4158457-20250615-bonbon-fait-comment-fabriques-carambar-surtout-blagues\" target=\"_blank\" class=\"color-ultramarine c-link\" rel=\"nofollow noopener\">Carambar<\/a>, Krema, Poulain, Michoko, Malabar, Pastilles Vichy\u2026 Autant de marques cultes qui pourraient bient\u00f4t rejoindre le portefeuille de Ferrero, d\u00e9j\u00e0 riche de <a href=\"https:\/\/www.20minutes.fr\/dossier\/nutella\" target=\"_blank\" class=\"color-ultramarine c-link\" rel=\"nofollow noopener\">Nutella<\/a>, <a href=\"https:\/\/www.20minutes.fr\/economie\/kinder\/\" target=\"_blank\" class=\"color-ultramarine c-link\" rel=\"nofollow noopener\">Kinder<\/a>, Raffaello, Tic Tac ou encore Mon Ch\u00e9ri. Le groupe familial italien acc\u00e9l\u00e8re ainsi sa croissance internationale et muscle sa position. \u00ab\u00a0CPK va pouvoir continuer de se d\u00e9velopper dans le contexte d\u2019un projet industriel mondial\u00a0\u00bb, a soulign\u00e9 Amandine Ayrem, associ\u00e9e chez Eurazeo, saluant \u00ab\u00a0la construction d\u2019un leader europ\u00e9en de la confiserie\u00a0\u00bb.<\/p>\n<\/p>\n<p>Ferrero distribue ses produits dans plus de 170 pays<\/p>\n<p>Le rachat s\u2019op\u00e9rerait via la holding europ\u00e9enne de Ferrara Candy, la filiale am\u00e9ricaine de Ferrero sp\u00e9cialis\u00e9e dans les confiseries. Ferrara est notamment connue pour ses bonbons Jelly Belly et les c\u00e9l\u00e8bres Nerds, tr\u00e8s populaires aux <a href=\"https:\/\/www.20minutes.fr\/monde\/etats-unis\/\" target=\"_blank\" class=\"color-ultramarine c-link\" rel=\"nofollow noopener\">Etats-Unis<\/a>. CPK, qui emploie plus de 900 personnes en <a href=\"https:\/\/www.20minutes.fr\/france\/\" target=\"_blank\" class=\"color-ultramarine c-link\" rel=\"nofollow noopener\">France<\/a>, est n\u00e9 en\u00a02017 du rachat de 14 marques au groupe am\u00e9ricain Mondelez. Il d\u00e9tient trois sites de production industriels et un atelier sur le territoire fran\u00e7ais. En\u00a02018, l\u2019entreprise s\u2019\u00e9tait renforc\u00e9e avec l\u2019acquisition du fabricant belge Lamy Lutti, r\u00e9cup\u00e9rant au passage les bonbons Arlequin et diverses licences embl\u00e9matiques comme Malabar ou les Rochers Suchard.<\/p>\n<p><a href=\"https:\/\/www.20minutes.fr\/economie\/ferrero\/\" target=\"_blank\" class=\"c-link c-btn c-btn--primary\" rel=\"nofollow noopener\">Tous nos articles sur le groupe Ferrero<\/a><\/p>\n<p>Eurazeo, qui s\u2019est dit \u00ab\u00a0largement majoritaire\u00a0\u00bb au capital de CPK sans en pr\u00e9ciser la part exacte, pr\u00e9voit une finalisation de la transaction au quatri\u00e8me trimestre\u00a02025. Ce rapprochement s\u2019inscrit dans une dynamique d\u2019expansion mondiale de Ferrero, fond\u00e9 en\u00a01946 \u00e0 Alba, dans le Pi\u00e9mont. Le groupe est d\u00e9sormais pr\u00e9sent dans plus de 50 pays, avec 37 sites de production sur cinq continents et une distribution dans 170 pays. Son chiffre d\u2019affaires a atteint 18,4\u00a0milliards d\u2019euros pour l\u2019exercice fiscal 2024, en hausse de 8,9\u00a0% sur un an.<\/p>\n","protected":false},"excerpt":{"rendered":"Le groupe italien Ferrero poursuit sa fr\u00e9n\u00e9sie d\u2019acquisitions. Apr\u00e8s avoir annonc\u00e9 le rachat du groupe am\u00e9ricain WK Kellogg,&hellip;\n","protected":false},"author":2,"featured_media":243573,"comment_status":"","ping_status":"","sticky":false,"template":"","format":"standard","meta":{"footnotes":""},"categories":[6],"tags":[47,38328,35,6409,33,34,73,7275,1011,27,452,38327,1277],"class_list":{"0":"post-243572","1":"post","2":"type-post","3":"status-publish","4":"format-standard","5":"has-post-thumbnail","7":"category-economie","8":"tag-actualite","9":"tag-bonbons","10":"tag-business","11":"tag-consommateurs","12":"tag-economie","13":"tag-economy","14":"tag-etats-unis","15":"tag-ferrero","16":"tag-fr","17":"tag-france","18":"tag-italie","19":"tag-nutella","20":"tag-sucre"},"share_on_mastodon":{"url":"https:\/\/pubeurope.com\/@fr\/114837077659944153","error":""},"_links":{"self":[{"href":"https:\/\/www.europesays.com\/fr\/wp-json\/wp\/v2\/posts\/243572","targetHints":{"allow":["GET"]}}],"collection":[{"href":"https:\/\/www.europesays.com\/fr\/wp-json\/wp\/v2\/posts"}],"about":[{"href":"https:\/\/www.europesays.com\/fr\/wp-json\/wp\/v2\/types\/post"}],"author":[{"embeddable":true,"href":"https:\/\/www.europesays.com\/fr\/wp-json\/wp\/v2\/users\/2"}],"replies":[{"embeddable":true,"href":"https:\/\/www.europesays.com\/fr\/wp-json\/wp\/v2\/comments?post=243572"}],"version-history":[{"count":0,"href":"https:\/\/www.europesays.com\/fr\/wp-json\/wp\/v2\/posts\/243572\/revisions"}],"wp:featuredmedia":[{"embeddable":true,"href":"https:\/\/www.europesays.com\/fr\/wp-json\/wp\/v2\/media\/243573"}],"wp:attachment":[{"href":"https:\/\/www.europesays.com\/fr\/wp-json\/wp\/v2\/media?parent=243572"}],"wp:term":[{"taxonomy":"category","embeddable":true,"href":"https:\/\/www.europesays.com\/fr\/wp-json\/wp\/v2\/categories?post=243572"},{"taxonomy":"post_tag","embeddable":true,"href":"https:\/\/www.europesays.com\/fr\/wp-json\/wp\/v2\/tags?post=243572"}],"curies":[{"name":"wp","href":"https:\/\/api.w.org\/{rel}","templated":true}]}}