{"id":243574,"date":"2025-07-11T22:58:10","date_gmt":"2025-07-11T22:58:10","guid":{"rendered":"https:\/\/www.europesays.com\/fr\/243574\/"},"modified":"2025-07-11T22:58:10","modified_gmt":"2025-07-11T22:58:10","slug":"catastrophe-dair-india-lalimentation-en-carburant-coupee-juste-avant-le-crash-le-figaro","status":"publish","type":"post","link":"https:\/\/www.europesays.com\/fr\/243574\/","title":{"rendered":"Catastrophe d&#039;Air India : l&#039;alimentation en carburant coup\u00e9e juste avant le crash &#8211; Le Figaro"},"content":{"rendered":"<ol>\n<li><a href=\"https:\/\/news.google.com\/rss\/articles\/CBMixAFBVV95cUxNSGp2V1pSUGNuU1U3aW1keEJkc1A2WmV6enh0RlBrcnhrMDhpX2N2US1oLXBzTFpUZG5lTUFmbElEbVk3MFFReXJFVGd3TExrak9TWmZfUTZWVlVMcDNYSDFfbVdtM2VJVERGVlkyOVMtWDA2V1dlb1djdmxVVkxZb0J1ZFlUMWg3elFUVFlNNkEwLVZZZWxOTjhVT0RhYVBtR3NIVGFCWGw5eUFLcDY2Q0NGeXFIcnBPd0I0alF6SEtHSGtx?oc=5\" target=\"_blank\" rel=\"nofollow noopener\">Catastrophe d&rsquo;Air India : l&rsquo;alimentation en carburant coup\u00e9e juste avant le crash<\/a>&nbsp;&nbsp;Le Figaro<\/li>\n<li><a href=\"https:\/\/news.google.com\/rss\/articles\/CBMipwJBVV95cUxOdm43Skc4LS1nRkpRNW9Xam1ySFJjTTlfNnBDaXNvR0JwRy05YjVzczFMWXc2TWMtM3dLWVFyMU1uMmVtMTVNWnFKZUVYUVVnNWFxbnBHejRrMTlROFZpd2VIcHJGYkxtRC1BOG9udGhaLWdaajk3UkItOEZsb0liRWZZbmVnVnlKWjhrclQyVWR4MHJCU0NSX01fcllQN0hoMUZzM01TV21RSEtweE9BSXFxd051anZTZ1k3X0lXcHMwN29tQW16UFA5YXRoTFlxbzZnZkR6MmNxdzlJMk1WNmVxbURNZjZHTURub0NXaUFleHdIekZYd2t3UUZ6eFltblN2aXgwUGNqWjFjMTJWdmV5Q1RpSzh4TjFwRlVxN3FYd2JvYkVB?oc=5\" target=\"_blank\" rel=\"nofollow noopener\">Air India : alimentation en carburant coup\u00e9e avant le crash, \u00e9trange conversation entre les pilotes&#8230; ce que r\u00e9v\u00e8le l\u2019enqu\u00eate<\/a>&nbsp;&nbsp;Le Parisien<\/li>\n<li><a href=\"https:\/\/news.google.com\/rss\/articles\/CBMikwJBVV95cUxNMUdMWHE4ZnpvZ21WUFBGa2pFOGxZVXVNQVpXVkNsbk5ZU2pOaHRyQzRpaGZCWUdRMGdiemNMM0VkZjRhQ1hNSktzTlJwX1V2UVlQTXJ6aFkyLXpVZF9WTS13T0xDUzdlTXRMZjFQeTZWRklLZG9qV0dVTGZ0ZEU3bFhiQnQtZ0JoemxzcWxkaGR4ZzZXQWJMMmxYcFNBeTBHRm9IbEoxUFFqcXh1cWVnQjd6Q2VSX3IxZHhLMHU0OFFteW5vM1NKQ1djVHRRMXh3Wm00WGtIbXlnYlQzczdHdjYzTE1wcllOVjVFZzl0NU4tZC1KbzNXUnZRSDhSTnplcjY2Y19RRFNKYmNNSjE0VTNNcw?oc=5\" target=\"_blank\" rel=\"nofollow noopener\">Crash du Boeing 787 d\u2019Air India : l\u2019alimentation en carburant des deux moteurs a \u00e9t\u00e9 coup\u00e9e par l\u2019un des pilotes trois secondes apr\u00e8s le d\u00e9collage<\/a>&nbsp;&nbsp;ladepeche.fr<\/li>\n<li><a href=\"https:\/\/news.google.com\/rss\/articles\/CBMigAFBVV95cUxPM09GUndhWG85NTBvMjlPeTRoMWMzNU4wU3k1bElXdV83N1p4WDQ2Mk1CanFIWmhsN2lYNy1qMjVBcjlKQ2NwVVZHR1gzakVON3RMT3Q5LTg0TE9TNnl1emRjNXVkWXVDTlhHeGZETnFqc0s1dVdSdHduVnlmVGN6Yg?oc=5\" target=\"_blank\" rel=\"nofollow noopener\">Air India : vers la fin du myst\u00e8re sur l&rsquo;accident du 787<\/a>&nbsp;&nbsp;Aerospatium<\/li>\n<li><a href=\"https:\/\/news.google.com\/rss\/articles\/CBMi1gFBVV95cUxNMW54alNrSVpDVENENFlWdUxGMnZkZjlnRENXUXJSWGR1WHVTZ09xZV94T3VLYjBnY1hTR0J2bzBEZVJUcE9xVFZBT3Zua0U5ZGZZOHVsZkVMbTZ4MTJFck1lT1RRbXhZSjVKemwwRnFMWHJCb0s1ODl5NVdvRU9uV1VWdXpEVDRVM3NwN1prazBLblprbUtfbjZ4MTQ2T0o5eU5neC1lYk92akVBN0k2bVE3MFpzTDA2SjB6d3FNSmstTXlLN3k1b3FDbWhoMWsyQWVXQzFR?oc=5\" target=\"_blank\" rel=\"nofollow noopener\">Crash d&rsquo;Air India : l&rsquo;alimentation en k\u00e9ros\u00e8ne coup\u00e9e &#8211; 10\/07<\/a>&nbsp;&nbsp;BFMTV<\/li>\n<\/ol>\n","protected":false},"excerpt":{"rendered":"Catastrophe d&rsquo;Air India : l&rsquo;alimentation en carburant coup\u00e9e juste avant le crash&nbsp;&nbsp;Le Figaro Air India : alimentation en&hellip;\n","protected":false},"author":2,"featured_media":243575,"comment_status":"","ping_status":"","sticky":false,"template":"","format":"standard","meta":{"footnotes":""},"categories":[5],"tags":[11,888,4098,1011,27,14,12,28],"class_list":{"0":"post-243574","1":"post","2":"type-post","3":"status-publish","4":"format-standard","5":"has-post-thumbnail","7":"category-international","8":"tag-actualites","9":"tag-boeing","10":"tag-crash","11":"tag-fr","12":"tag-france","13":"tag-international","14":"tag-news","15":"tag-world"},"share_on_mastodon":{"url":"https:\/\/pubeurope.com\/@fr\/114837081565167201","error":""},"_links":{"self":[{"href":"https:\/\/www.europesays.com\/fr\/wp-json\/wp\/v2\/posts\/243574","targetHints":{"allow":["GET"]}}],"collection":[{"href":"https:\/\/www.europesays.com\/fr\/wp-json\/wp\/v2\/posts"}],"about":[{"href":"https:\/\/www.europesays.com\/fr\/wp-json\/wp\/v2\/types\/post"}],"author":[{"embeddable":true,"href":"https:\/\/www.europesays.com\/fr\/wp-json\/wp\/v2\/users\/2"}],"replies":[{"embeddable":true,"href":"https:\/\/www.europesays.com\/fr\/wp-json\/wp\/v2\/comments?post=243574"}],"version-history":[{"count":0,"href":"https:\/\/www.europesays.com\/fr\/wp-json\/wp\/v2\/posts\/243574\/revisions"}],"wp:featuredmedia":[{"embeddable":true,"href":"https:\/\/www.europesays.com\/fr\/wp-json\/wp\/v2\/media\/243575"}],"wp:attachment":[{"href":"https:\/\/www.europesays.com\/fr\/wp-json\/wp\/v2\/media?parent=243574"}],"wp:term":[{"taxonomy":"category","embeddable":true,"href":"https:\/\/www.europesays.com\/fr\/wp-json\/wp\/v2\/categories?post=243574"},{"taxonomy":"post_tag","embeddable":true,"href":"https:\/\/www.europesays.com\/fr\/wp-json\/wp\/v2\/tags?post=243574"}],"curies":[{"name":"wp","href":"https:\/\/api.w.org\/{rel}","templated":true}]}}