{"id":243580,"date":"2025-07-11T23:01:15","date_gmt":"2025-07-11T23:01:15","guid":{"rendered":"https:\/\/www.europesays.com\/fr\/243580\/"},"modified":"2025-07-11T23:01:15","modified_gmt":"2025-07-11T23:01:15","slug":"monistrol-sur-loire-le-nouvel-immeuble-se-dessine-sur-le-terrain-de-lancien-lycee-professionnel-prive","status":"publish","type":"post","link":"https:\/\/www.europesays.com\/fr\/243580\/","title":{"rendered":"Monistrol-sur-Loire. Le nouvel immeuble se dessine sur le terrain de l\u2019ancien lyc\u00e9e professionnel priv\u00e9"},"content":{"rendered":"<p>Du c\u00f4t\u00e9 de l\u2019ancien lyc\u00e9e professionnel priv\u00e9, les choses pourraient bouger \u00e0 la rentr\u00e9e. B\u00e2tir et Loger devrait d\u00e9buter, d\u00e8s septembre, la construction de son immeuble sur une partie du t\u00e8nement appartenant \u00e0 La Tech (groupement des soci\u00e9t\u00e9s Cogecoop et Surcomi consultant). Les permis sont d\u00e9livr\u00e9s et les murs pousseront \u00e0 la place des anciens ateliers (c\u00f4t\u00e9 Jourda de Vaux).<\/p>\n<p>\u00ab\u00a0On voulait conserver ces services\u00a0\u00bb<\/p>\n<p>Vingt-deux logements locatifs verront le jour. Le rez-de-chauss\u00e9e sera enti\u00e8rement d\u00e9di\u00e9 \u00e0 des services m\u00e9dico-sociaux. Le centre m\u00e9dico-psychop\u00e9dagogique, le service&#8230;<\/p>\n","protected":false},"excerpt":{"rendered":"Du c\u00f4t\u00e9 de l\u2019ancien lyc\u00e9e professionnel priv\u00e9, les choses pourraient bouger \u00e0 la rentr\u00e9e. B\u00e2tir et Loger devrait&hellip;\n","protected":false},"author":2,"featured_media":243581,"comment_status":"","ping_status":"","sticky":false,"template":"","format":"standard","meta":{"footnotes":""},"categories":[9653],"tags":[1111,11,2430,1984,10446,1777,674,1011,27,38329,38330,12,316,25,4001],"class_list":{"0":"post-243580","1":"post","2":"type-post","3":"status-publish","4":"format-standard","5":"has-post-thumbnail","7":"category-saint-etienne","8":"tag-actu","9":"tag-actualites","10":"tag-auvergne-rhone-alpes","11":"tag-conseil-municipal","12":"tag-edition-haute-loire","13":"tag-eu","14":"tag-europe","15":"tag-fr","16":"tag-france","17":"tag-monistrol-sur-loire","18":"tag-monistrol-sur-loire-ville","19":"tag-news","20":"tag-politique","21":"tag-republique-francaise","22":"tag-saint-etienne"},"share_on_mastodon":{"url":"https:\/\/pubeurope.com\/@fr\/114837093329192133","error":""},"_links":{"self":[{"href":"https:\/\/www.europesays.com\/fr\/wp-json\/wp\/v2\/posts\/243580","targetHints":{"allow":["GET"]}}],"collection":[{"href":"https:\/\/www.europesays.com\/fr\/wp-json\/wp\/v2\/posts"}],"about":[{"href":"https:\/\/www.europesays.com\/fr\/wp-json\/wp\/v2\/types\/post"}],"author":[{"embeddable":true,"href":"https:\/\/www.europesays.com\/fr\/wp-json\/wp\/v2\/users\/2"}],"replies":[{"embeddable":true,"href":"https:\/\/www.europesays.com\/fr\/wp-json\/wp\/v2\/comments?post=243580"}],"version-history":[{"count":0,"href":"https:\/\/www.europesays.com\/fr\/wp-json\/wp\/v2\/posts\/243580\/revisions"}],"wp:featuredmedia":[{"embeddable":true,"href":"https:\/\/www.europesays.com\/fr\/wp-json\/wp\/v2\/media\/243581"}],"wp:attachment":[{"href":"https:\/\/www.europesays.com\/fr\/wp-json\/wp\/v2\/media?parent=243580"}],"wp:term":[{"taxonomy":"category","embeddable":true,"href":"https:\/\/www.europesays.com\/fr\/wp-json\/wp\/v2\/categories?post=243580"},{"taxonomy":"post_tag","embeddable":true,"href":"https:\/\/www.europesays.com\/fr\/wp-json\/wp\/v2\/tags?post=243580"}],"curies":[{"name":"wp","href":"https:\/\/api.w.org\/{rel}","templated":true}]}}