{"id":243582,"date":"2025-07-11T23:02:14","date_gmt":"2025-07-11T23:02:14","guid":{"rendered":"https:\/\/www.europesays.com\/fr\/243582\/"},"modified":"2025-07-11T23:02:14","modified_gmt":"2025-07-11T23:02:14","slug":"saint-etienne-luniversite-dote-dun-nouveau-temple-de-la-science","status":"publish","type":"post","link":"https:\/\/www.europesays.com\/fr\/243582\/","title":{"rendered":"SAINT-\u00c9TIENNE : L&rsquo;UNIVERSIT\u00c9 DOTE D&rsquo;UN NOUVEAU TEMPLE DE LA SCIENCE"},"content":{"rendered":"<p>                <a href=\"https:\/\/cadenceradio.fr\" target=\"_blank\" aria-label=\"Banni\u00e8re Cadence 2025\" rel=\"noopener\"><img loading=\"lazy\" decoding=\"async\" src=\"https:\/\/www.europesays.com\/fr\/wp-content\/uploads\/2025\/07\/Banniere-Cadence-2025-scaled.jpg\" alt=\"\"   width=\"2560\" height=\"738\"\/><\/a><\/p>\n<p>Bien que les premiers \u00e9tudiants et chercheurs aient d\u00e9j\u00e0 investi les lieux depuis la rentr\u00e9e de septembre 2024, cette c\u00e9r\u00e9monie marquait symboliquement l\u2019aboutissement d\u2019un projet d\u2019envergure pour l\u2019enseignement sup\u00e9rieur st\u00e9phanois.<\/p>\n<p>Ce nouveau p\u00f4le scientifique h\u00e9berge d\u00e9sormais quatre entit\u00e9s acad\u00e9miques. La facult\u00e9 des sciences et techniques de l\u2019UJM y a trouv\u00e9 ses nouveaux quartiers, aux c\u00f4t\u00e9s du laboratoire sp\u00e9cialis\u00e9 dans l\u2019ing\u00e9nierie des mat\u00e9riaux polym\u00e8res. Le site accueille \u00e9galement une antenne du laboratoire g\u00e9ologique lyonnais ainsi que l\u2019institut Camille Jordan, cr\u00e9ant ainsi une v\u00e9ritable ruche scientifique au c\u0153ur du quartier Manufacture.<\/p>\n<p><img loading=\"lazy\" decoding=\"async\" width=\"1024\" height=\"682\" src=\"https:\/\/www.europesays.com\/fr\/wp-content\/uploads\/2025\/07\/MCA-02-1024x682.jpg\" alt=\"\" class=\"wp-image-57333\"  \/><\/p>\n<p>Une architecture qui en impose<\/p>\n<p>Implant\u00e9 face au b\u00e2timent historique des Forges, cette nouvelle construction se distingue par son design audacieux. L\u2019\u00e9difice s\u2019\u00e9l\u00e8ve sur trois \u00e9tages distincts, chacun avec sa propre identit\u00e9 architecturale. Le rez-de-chauss\u00e9e pr\u00e9sente un aspect min\u00e9ral solide, surmont\u00e9 d\u2019un niveau enti\u00e8rement vitr\u00e9 qui favorise la luminosit\u00e9 et la transparence. Au sommet, quatre modules suspendus symbolisent les quatre disciplines scientifiques qui cohabitent dans ce lieu d\u2019exception.<\/p>\n<p>Avec ses 5 395 m\u00e8tres carr\u00e9s r\u00e9partis sur trois niveaux, ce temple de la connaissance offre des espaces g\u00e9n\u00e9reux pour l\u2019enseignement et la recherche. L\u2019investissement financier \u00e0 la hauteur de ces ambitions s\u2019\u00e9l\u00e8ve \u00e0 22 millions d\u2019euros, mobilisant de nombreux partenaires institutionnels.<\/p>\n<p>Un financement participatif version institutionnelle<\/p>\n<p>La r\u00e9alisation de ce projet pharaonique a n\u00e9cessit\u00e9 la mobilisation de multiples acteurs publics. La R\u00e9gion Auvergne-Rh\u00f4ne-Alpes a pris la part du lion avec une contribution de 9,2 millions d\u2019euros, tandis que l\u2019universit\u00e9 elle-m\u00eame a investi 5,6 millions d\u2019euros. Le D\u00e9partement de la Loire a apport\u00e9 4,3 millions d\u2019euros, l\u2019\u00c9tat 2,42 millions d\u2019euros, Saint-\u00c9tienne M\u00e9tropole 300 000 euros et l\u2019Epase 138 000 euros, illustrant un v\u00e9ritable partenariat territorial autour de l\u2019enseignement sup\u00e9rieur et de la recherche.<\/p>\n","protected":false},"excerpt":{"rendered":"Bien que les premiers \u00e9tudiants et chercheurs aient d\u00e9j\u00e0 investi les lieux depuis la rentr\u00e9e de septembre 2024,&hellip;\n","protected":false},"author":2,"featured_media":243583,"comment_status":"","ping_status":"","sticky":false,"template":"","format":"standard","meta":{"footnotes":""},"categories":[9653],"tags":[1111,11,2430,1057,1777,674,1011,27,3367,12,25,4001,27603],"class_list":{"0":"post-243582","1":"post","2":"type-post","3":"status-publish","4":"format-standard","5":"has-post-thumbnail","7":"category-saint-etienne","8":"tag-actu","9":"tag-actualites","10":"tag-auvergne-rhone-alpes","11":"tag-education","12":"tag-eu","13":"tag-europe","14":"tag-fr","15":"tag-france","16":"tag-loire","17":"tag-news","18":"tag-republique-francaise","19":"tag-saint-etienne","20":"tag-universite-jean-monnet"},"share_on_mastodon":{"url":"https:\/\/pubeurope.com\/@fr\/114837097434937768","error":""},"_links":{"self":[{"href":"https:\/\/www.europesays.com\/fr\/wp-json\/wp\/v2\/posts\/243582","targetHints":{"allow":["GET"]}}],"collection":[{"href":"https:\/\/www.europesays.com\/fr\/wp-json\/wp\/v2\/posts"}],"about":[{"href":"https:\/\/www.europesays.com\/fr\/wp-json\/wp\/v2\/types\/post"}],"author":[{"embeddable":true,"href":"https:\/\/www.europesays.com\/fr\/wp-json\/wp\/v2\/users\/2"}],"replies":[{"embeddable":true,"href":"https:\/\/www.europesays.com\/fr\/wp-json\/wp\/v2\/comments?post=243582"}],"version-history":[{"count":0,"href":"https:\/\/www.europesays.com\/fr\/wp-json\/wp\/v2\/posts\/243582\/revisions"}],"wp:featuredmedia":[{"embeddable":true,"href":"https:\/\/www.europesays.com\/fr\/wp-json\/wp\/v2\/media\/243583"}],"wp:attachment":[{"href":"https:\/\/www.europesays.com\/fr\/wp-json\/wp\/v2\/media?parent=243582"}],"wp:term":[{"taxonomy":"category","embeddable":true,"href":"https:\/\/www.europesays.com\/fr\/wp-json\/wp\/v2\/categories?post=243582"},{"taxonomy":"post_tag","embeddable":true,"href":"https:\/\/www.europesays.com\/fr\/wp-json\/wp\/v2\/tags?post=243582"}],"curies":[{"name":"wp","href":"https:\/\/api.w.org\/{rel}","templated":true}]}}