{"id":243586,"date":"2025-07-11T23:05:12","date_gmt":"2025-07-11T23:05:12","guid":{"rendered":"https:\/\/www.europesays.com\/fr\/243586\/"},"modified":"2025-07-11T23:05:12","modified_gmt":"2025-07-11T23:05:12","slug":"ea-guingamp-enzo-basilio-officiellement-transfere-a-nancy","status":"publish","type":"post","link":"https:\/\/www.europesays.com\/fr\/243586\/","title":{"rendered":"EA Guingamp\u00a0: Enzo Basilio officiellement transf\u00e9r\u00e9 \u00e0 Nancy"},"content":{"rendered":"<p>C\u2019est une page qui se tourne pour En Avant Guingamp. Le club costarmoricain a annonc\u00e9, ce vendredi soir, le d\u00e9part officiel d\u2019Enzo Basilio. <a href=\"https:\/\/www.letelegramme.fr\/sports\/football\/guingamp\/enzo-basilio-sur-le-depart-den-avant-guingamp-6844380.php\" target=\"_blank\" rel=\"noopener\">Comme pressenti depuis plusieurs semaines<\/a>, le gardien de but a sign\u00e9 \u00e0 l\u2019AS Nancy-Lorraine, championne de National. Il a paraph\u00e9 un contrat de deux ans, avec un an suppl\u00e9mentaire en option.<\/p>\n<p>Aujourd\u2019hui \u00e2g\u00e9 de 31 ans, Enzo Basilio est arriv\u00e9 en 2020 dans les C\u00f4tes-d\u2019Armor. Il aura disput\u00e9 175 matchs en Rouge et Noir, devenant le gardien le plus cap\u00e9 de l\u2019histoire d\u2019En Avant. \u00ab Match apr\u00e8s match, saison apr\u00e8s saison, Enzo Basilio aura incarn\u00e9 une tranche de l\u2019histoire r\u00e9cente du club \u00bb, a indiqu\u00e9 EAG <a href=\"https:\/\/www.eaguingamp.com\/enzo-basilio-transfere-a-las-nancy-lorraine\/\" target=\"_blank\" rel=\"noopener\">dans un communiqu\u00e9<\/a>.<\/p>\n<p>Pour le remplacer, Guingamp a d\u00e9j\u00e0 annonc\u00e9 le recrutement d\u2019un <a href=\"https:\/\/www.letelegramme.fr\/sports\/football\/guingamp\/arrive-a-arzon-le-gardien-adrian-ortola-va-sengager-avec-en-avant-guingamp-6851802.php\" target=\"_blank\" rel=\"noopener\">nouveau gardien, Adrian Ortola<\/a>, qui a particip\u00e9 au stage de cette semaine, \u00e0 Arzon.<\/p>\n","protected":false},"excerpt":{"rendered":"C\u2019est une page qui se tourne pour En Avant Guingamp. Le club costarmoricain a annonc\u00e9, ce vendredi soir,&hellip;\n","protected":false},"author":2,"featured_media":243587,"comment_status":"","ping_status":"","sticky":false,"template":"","format":"standard","meta":{"footnotes":""},"categories":[9635],"tags":[1111,11,9594,3166,1777,674,63,1011,27,775,4044,446,38331,30393,1702,12,25,60],"class_list":{"0":"post-243586","1":"post","2":"type-post","3":"status-publish","4":"format-standard","5":"has-post-thumbnail","7":"category-nancy","8":"tag-actu","9":"tag-actualites","10":"tag-en-avant-guingamp","11":"tag-en-continu-sports","12":"tag-eu","13":"tag-europe","14":"tag-football","15":"tag-fr","16":"tag-france","17":"tag-grand-est","18":"tag-guingamp","19":"tag-ligue-2","20":"tag-mercato-eag","21":"tag-mercato-pro","22":"tag-nancy","23":"tag-news","24":"tag-republique-francaise","25":"tag-sports"},"share_on_mastodon":{"url":"https:\/\/pubeurope.com\/@fr\/114837108993896948","error":""},"_links":{"self":[{"href":"https:\/\/www.europesays.com\/fr\/wp-json\/wp\/v2\/posts\/243586","targetHints":{"allow":["GET"]}}],"collection":[{"href":"https:\/\/www.europesays.com\/fr\/wp-json\/wp\/v2\/posts"}],"about":[{"href":"https:\/\/www.europesays.com\/fr\/wp-json\/wp\/v2\/types\/post"}],"author":[{"embeddable":true,"href":"https:\/\/www.europesays.com\/fr\/wp-json\/wp\/v2\/users\/2"}],"replies":[{"embeddable":true,"href":"https:\/\/www.europesays.com\/fr\/wp-json\/wp\/v2\/comments?post=243586"}],"version-history":[{"count":0,"href":"https:\/\/www.europesays.com\/fr\/wp-json\/wp\/v2\/posts\/243586\/revisions"}],"wp:featuredmedia":[{"embeddable":true,"href":"https:\/\/www.europesays.com\/fr\/wp-json\/wp\/v2\/media\/243587"}],"wp:attachment":[{"href":"https:\/\/www.europesays.com\/fr\/wp-json\/wp\/v2\/media?parent=243586"}],"wp:term":[{"taxonomy":"category","embeddable":true,"href":"https:\/\/www.europesays.com\/fr\/wp-json\/wp\/v2\/categories?post=243586"},{"taxonomy":"post_tag","embeddable":true,"href":"https:\/\/www.europesays.com\/fr\/wp-json\/wp\/v2\/tags?post=243586"}],"curies":[{"name":"wp","href":"https:\/\/api.w.org\/{rel}","templated":true}]}}