{"id":243588,"date":"2025-07-11T23:08:09","date_gmt":"2025-07-11T23:08:09","guid":{"rendered":"https:\/\/www.europesays.com\/fr\/243588\/"},"modified":"2025-07-11T23:08:09","modified_gmt":"2025-07-11T23:08:09","slug":"previsions-du-samedi-12-juillet-2025","status":"publish","type":"post","link":"https:\/\/www.europesays.com\/fr\/243588\/","title":{"rendered":"pr\u00e9visions du samedi 12 juillet 2025"},"content":{"rendered":"<p>Aujourd&rsquo;hui, toujours des nuages dans le ciel qui emp\u00eachent le soleil d&rsquo;appara\u00eetre \u00e0 Montpellier. Il va faire en moyenne 23\u00b0C. La grisaille ne se dissipe toujours pas, il y aura encore des nuages le matin. Des pluies \u00e9parses tomberont. Les temp\u00e9ratures seront de 21\u00b0C au minimum et de 24\u00b0C au plus haut. Un vent de nord-est soufflera un peu, avec 11 km\/h. Prenez garde dans l&rsquo;apr\u00e8s-midi, des orages de faible intensit\u00e9 vont gronder. Les valeurs s&rsquo;\u00e9chelonneront entre 24 et 25\u00b0C. Des orages se pr\u00e9senteront dans la soir\u00e9e et pourront faire gronder le ciel. Les temp\u00e9ratures afficheront entre 22\u00b0C et 24\u00b0C. Le ciel sera pluvieux dans la nuit de samedi \u00e0 dimanche.<\/p>\n<p>Il fera 23\u00b0C en moyenne \u00e0 Montpellier demain. Le soleil aura du mal \u00e0 percer au milieu de l\u00e9gers nuages qui subsisteront dans la matin\u00e9e. Les valeurs s&rsquo;\u00e9chelonneront de 20 \u00e0 25\u00b0C. Une l\u00e9g\u00e8re brise de nord-est sera ressentie par les habitants. Un superbe soleil va briller et ce, tout au long de l&rsquo;apr\u00e8s-midi. Les temp\u00e9ratures tourneront autour des 26\u00b0C. Demain soir, les temp\u00e9ratures seront comprises entre 22 et 25\u00b0C. Un petit vent de sud-ouest soufflera.<\/p>\n<p>Les jours se suivent et ne changent pas. Des temp\u00e9ratures dans les 32\u00b0C iront de pair avec un ciel ensoleill\u00e9.<\/p>\n<p><\/p>\n","protected":false},"excerpt":{"rendered":"Aujourd&rsquo;hui, toujours des nuages dans le ciel qui emp\u00eachent le soleil d&rsquo;appara\u00eetre \u00e0 Montpellier. Il va faire en&hellip;\n","protected":false},"author":2,"featured_media":243589,"comment_status":"","ping_status":"","sticky":false,"template":"","format":"standard","meta":{"footnotes":""},"categories":[9599],"tags":[1111,11,1777,674,1011,27,7089,2681,2208,12,2680,2119,25],"class_list":{"0":"post-243588","1":"post","2":"type-post","3":"status-publish","4":"format-standard","5":"has-post-thumbnail","7":"category-montpellier","8":"tag-actu","9":"tag-actualites","10":"tag-eu","11":"tag-europe","12":"tag-fr","13":"tag-france","14":"tag-herault","15":"tag-languedoc-roussillon","16":"tag-montpellier","17":"tag-news","18":"tag-occitanie","19":"tag-previsions-meteo","20":"tag-republique-francaise"},"share_on_mastodon":{"url":"https:\/\/pubeurope.com\/@fr\/114837120887968215","error":""},"_links":{"self":[{"href":"https:\/\/www.europesays.com\/fr\/wp-json\/wp\/v2\/posts\/243588","targetHints":{"allow":["GET"]}}],"collection":[{"href":"https:\/\/www.europesays.com\/fr\/wp-json\/wp\/v2\/posts"}],"about":[{"href":"https:\/\/www.europesays.com\/fr\/wp-json\/wp\/v2\/types\/post"}],"author":[{"embeddable":true,"href":"https:\/\/www.europesays.com\/fr\/wp-json\/wp\/v2\/users\/2"}],"replies":[{"embeddable":true,"href":"https:\/\/www.europesays.com\/fr\/wp-json\/wp\/v2\/comments?post=243588"}],"version-history":[{"count":0,"href":"https:\/\/www.europesays.com\/fr\/wp-json\/wp\/v2\/posts\/243588\/revisions"}],"wp:featuredmedia":[{"embeddable":true,"href":"https:\/\/www.europesays.com\/fr\/wp-json\/wp\/v2\/media\/243589"}],"wp:attachment":[{"href":"https:\/\/www.europesays.com\/fr\/wp-json\/wp\/v2\/media?parent=243588"}],"wp:term":[{"taxonomy":"category","embeddable":true,"href":"https:\/\/www.europesays.com\/fr\/wp-json\/wp\/v2\/categories?post=243588"},{"taxonomy":"post_tag","embeddable":true,"href":"https:\/\/www.europesays.com\/fr\/wp-json\/wp\/v2\/tags?post=243588"}],"curies":[{"name":"wp","href":"https:\/\/api.w.org\/{rel}","templated":true}]}}