{"id":24359,"date":"2025-04-14T13:39:11","date_gmt":"2025-04-14T13:39:11","guid":{"rendered":"https:\/\/www.europesays.com\/fr\/24359\/"},"modified":"2025-04-14T13:39:11","modified_gmt":"2025-04-14T13:39:11","slug":"marc-fesneau-pour-lunion-mais-pas-a-nimporte-quel-prix","status":"publish","type":"post","link":"https:\/\/www.europesays.com\/fr\/24359\/","title":{"rendered":"Marc Fesneau pour l\u2019union, mais pas \u00e0 n\u2019importe quel prix"},"content":{"rendered":"\n<p>Marc Fesneau, vice-pr\u00e9sident du MoDem, pr\u00e9sident du groupe Les D\u00e9mocrates (MoDem) \u00e0 l\u2019Assembl\u00e9e nationale dit qu\u2019il a gard\u00e9 son \u00e2me de militant et qu\u2019il a enfin le temps, apr\u00e8s avoir quitt\u00e9 sa charge de ministre de l\u2019Agriculture de partir \u00e0 la rencontre de ses partisans. L\u2019occasion, lors de son passage \u00e0 Marseille, ce samedi 12 avril, d\u2019un point d\u2019\u00e9tape avec une poign\u00e9e de militants sur l\u2019ambiance g\u00e9n\u00e9rale, avec dans le viseur l\u2019\u00e9ch\u00e9ance des municipales.<\/p>\n<p>\u00ab\u00a0Marseille est toujours un cas particulier. Dans les Bouches-du-Rh\u00f4ne, il y a beaucoup d\u2019autres enjeux avec le risque de bascule vers les extr\u00eames, en particulier vers le RN\u00a0\u00bb, explique-t-il. Alors que les d\u00e9bats ne sont pas encore \u00ab\u00a0stabilis\u00e9s\u00a0\u00bb sur la loi PLM, il dit souhaiter que les forces du centre puissent se rassembler, loin \u00ab\u00a0des foires d\u2019empoigne\u00a0\u00bb, comme ce fut souvent le cas par le pass\u00e9. Le parti de Fran\u00e7ois Bayrou qui n\u2019a que de rares \u00e9lus, souvent affili\u00e9s \u00e0 la pr\u00e9sidente (DVD) de la M\u00e9tropole, Martine Vassal ou au pr\u00e9sident de R\u00e9gion (Ren.), Renaud Muselier, souhaite \u00eatre force de propositions et ne veut pas donner le visage de la division \u00ab\u00a0comme on l\u2019a souvent vue \u00e0 Marseille, entre les forces politiques de la droite d\u2019une part et l\u2019espace central\u00a0\u00bb, d\u00e9veloppe l\u2019ancien ministre. Ramener le bloc des d\u00e9mocrates en son centre\u00a0? L\u2019\u00e9quation semble difficile tant plane sur le MoDem l\u2019ombre du Premier ministre Fran\u00e7ois Bayrou. \u00ab\u00a0On est dans un moment compliqu\u00e9 pour le pays et ce n\u2019est pas la question de Bayrou. La question est l\u2019absence de majorit\u00e9 \u00e0 l\u2019Assembl\u00e9e et les menaces qui p\u00e8sent \u00e0 l\u2019international. Reconnaissons \u00e0 Bayrou d\u2019avoir vot\u00e9 un budget et d\u2019avoir commenc\u00e9 \u00e0 esquisser ce qu\u2019est la gauche de gouvernement et la gauche radicale\u00a0\u00bb, d\u00e9roule-t-il. D\u00e9fenseur d\u2019une union, mais pas \u00e0 n\u2019importe quel prix.<\/p>\n","protected":false},"excerpt":{"rendered":"Marc Fesneau, vice-pr\u00e9sident du MoDem, pr\u00e9sident du groupe Les D\u00e9mocrates (MoDem) \u00e0 l\u2019Assembl\u00e9e nationale dit qu\u2019il a gard\u00e9&hellip;\n","protected":false},"author":2,"featured_media":24360,"comment_status":"","ping_status":"","sticky":false,"template":"","format":"standard","meta":{"footnotes":""},"categories":[2814],"tags":[1111,11,1777,674,1011,27,8776,884,12,882,25],"class_list":{"0":"post-24359","1":"post","2":"type-post","3":"status-publish","4":"format-standard","5":"has-post-thumbnail","7":"category-marseille","8":"tag-actu","9":"tag-actualites","10":"tag-eu","11":"tag-europe","12":"tag-fr","13":"tag-france","14":"tag-marc-fesneau","15":"tag-marseille","16":"tag-news","17":"tag-provence-alpes-cote-dazur","18":"tag-republique-francaise"},"share_on_mastodon":{"url":"https:\/\/pubeurope.com\/@fr\/114336600215038778","error":""},"_links":{"self":[{"href":"https:\/\/www.europesays.com\/fr\/wp-json\/wp\/v2\/posts\/24359","targetHints":{"allow":["GET"]}}],"collection":[{"href":"https:\/\/www.europesays.com\/fr\/wp-json\/wp\/v2\/posts"}],"about":[{"href":"https:\/\/www.europesays.com\/fr\/wp-json\/wp\/v2\/types\/post"}],"author":[{"embeddable":true,"href":"https:\/\/www.europesays.com\/fr\/wp-json\/wp\/v2\/users\/2"}],"replies":[{"embeddable":true,"href":"https:\/\/www.europesays.com\/fr\/wp-json\/wp\/v2\/comments?post=24359"}],"version-history":[{"count":0,"href":"https:\/\/www.europesays.com\/fr\/wp-json\/wp\/v2\/posts\/24359\/revisions"}],"wp:featuredmedia":[{"embeddable":true,"href":"https:\/\/www.europesays.com\/fr\/wp-json\/wp\/v2\/media\/24360"}],"wp:attachment":[{"href":"https:\/\/www.europesays.com\/fr\/wp-json\/wp\/v2\/media?parent=24359"}],"wp:term":[{"taxonomy":"category","embeddable":true,"href":"https:\/\/www.europesays.com\/fr\/wp-json\/wp\/v2\/categories?post=24359"},{"taxonomy":"post_tag","embeddable":true,"href":"https:\/\/www.europesays.com\/fr\/wp-json\/wp\/v2\/tags?post=24359"}],"curies":[{"name":"wp","href":"https:\/\/api.w.org\/{rel}","templated":true}]}}