{"id":243596,"date":"2025-07-11T23:15:12","date_gmt":"2025-07-11T23:15:12","guid":{"rendered":"https:\/\/www.europesays.com\/fr\/243596\/"},"modified":"2025-07-11T23:15:12","modified_gmt":"2025-07-11T23:15:12","slug":"de-nouveaux-radars-vont-flasher-en-ille-et-vilaine-voici-les-routes-concernees","status":"publish","type":"post","link":"https:\/\/www.europesays.com\/fr\/243596\/","title":{"rendered":"De nouveaux radars vont flasher en Ille-et-Vilaine\u00a0: voici les routes concern\u00e9es"},"content":{"rendered":"<p>Pour \u00e9viter que les automobilistes n\u2019appuient trop sur le champignon sur certaines routes d\u2019Ille-et-Vilaine, l\u2019\u00c9tat serre la vis. Trois nouveaux itin\u00e9raires vont \u00eatre concern\u00e9s, courant juillet, par la mise en service de radars autonomes d\u00e9pla\u00e7ables. Il s\u2019agit de la RD82, entre Combourg et Saint-Gr\u00e9goire ; de la RD794 entre Sens-de-Bretagne et Vitr\u00e9 ; et de la RD777 entre Janz\u00e9 et La Gacilly. Cela compl\u00e8tera le dispositif existant sur la RD155 entre Foug\u00e8res et Val-Couesnon et la RD177 entre Foug\u00e8res et la limite d\u00e9partementale avec la Manche.<\/p>\n<p>\u00c9viter les accidents<\/p>\n<p>Ces \u00e9quipements de contr\u00f4le routier fonctionnement sur batterie et sont d\u00e9plac\u00e9s r\u00e9guli\u00e8rement de mani\u00e8re al\u00e9atoire. Un mode de d\u00e9ploiement difficile \u00e0 pr\u00e9dire pour les usagers de la route, mais qui vise surtout \u00e0 favoriser un meilleur comportement en incitant chacun \u00e0 garder une vitesse r\u00e9duite sur la totalit\u00e9 du parcours. Ces radars sont d\u2019autant plus importants dans des routes \u00e0 fort risque accidentog\u00e8ne.<\/p>\n<p>Avec ces nouveaux radars d\u00e9pla\u00e7ables, l\u2019\u00c9tat annonce qu\u2019il couvre, par le biais de ce type d\u2019appareil, d\u00e9sormais pr\u00e8s de 160 km de routes d\u00e9partementales.<\/p>\n","protected":false},"excerpt":{"rendered":"Pour \u00e9viter que les automobilistes n\u2019appuient trop sur le champignon sur certaines routes d\u2019Ille-et-Vilaine, l\u2019\u00c9tat serre la vis.&hellip;\n","protected":false},"author":2,"featured_media":243597,"comment_status":"","ping_status":"","sticky":false,"template":"","format":"standard","meta":{"footnotes":""},"categories":[2821],"tags":[3085,1111,11,646,829,765,1777,674,1011,27,848,12,584,25],"class_list":{"0":"post-243596","1":"post","2":"type-post","3":"status-publish","4":"format-standard","5":"has-post-thumbnail","7":"category-rennes","8":"tag-accidents","9":"tag-actu","10":"tag-actualites","11":"tag-automobile","12":"tag-bretagne","13":"tag-en-continu","14":"tag-eu","15":"tag-europe","16":"tag-fr","17":"tag-france","18":"tag-ille-et-vilaine","19":"tag-news","20":"tag-rennes","21":"tag-republique-francaise"},"share_on_mastodon":{"url":"https:\/\/pubeurope.com\/@fr\/114837148357659889","error":""},"_links":{"self":[{"href":"https:\/\/www.europesays.com\/fr\/wp-json\/wp\/v2\/posts\/243596","targetHints":{"allow":["GET"]}}],"collection":[{"href":"https:\/\/www.europesays.com\/fr\/wp-json\/wp\/v2\/posts"}],"about":[{"href":"https:\/\/www.europesays.com\/fr\/wp-json\/wp\/v2\/types\/post"}],"author":[{"embeddable":true,"href":"https:\/\/www.europesays.com\/fr\/wp-json\/wp\/v2\/users\/2"}],"replies":[{"embeddable":true,"href":"https:\/\/www.europesays.com\/fr\/wp-json\/wp\/v2\/comments?post=243596"}],"version-history":[{"count":0,"href":"https:\/\/www.europesays.com\/fr\/wp-json\/wp\/v2\/posts\/243596\/revisions"}],"wp:featuredmedia":[{"embeddable":true,"href":"https:\/\/www.europesays.com\/fr\/wp-json\/wp\/v2\/media\/243597"}],"wp:attachment":[{"href":"https:\/\/www.europesays.com\/fr\/wp-json\/wp\/v2\/media?parent=243596"}],"wp:term":[{"taxonomy":"category","embeddable":true,"href":"https:\/\/www.europesays.com\/fr\/wp-json\/wp\/v2\/categories?post=243596"},{"taxonomy":"post_tag","embeddable":true,"href":"https:\/\/www.europesays.com\/fr\/wp-json\/wp\/v2\/tags?post=243596"}],"curies":[{"name":"wp","href":"https:\/\/api.w.org\/{rel}","templated":true}]}}