{"id":243598,"date":"2025-07-11T23:16:31","date_gmt":"2025-07-11T23:16:31","guid":{"rendered":"https:\/\/www.europesays.com\/fr\/243598\/"},"modified":"2025-07-11T23:16:31","modified_gmt":"2025-07-11T23:16:31","slug":"des-riverains-prives-de-courant-apres-un-accident","status":"publish","type":"post","link":"https:\/\/www.europesays.com\/fr\/243598\/","title":{"rendered":"des riverains priv\u00e9s de courant apr\u00e8s un accident"},"content":{"rendered":"<p>            Par<br \/>\n        <strong><br \/>\n            <a href=\"https:\/\/actu.fr\/auteur\/redaction-jv\" title=\"Consulter tous les articles de R\u00e9daction Vitr\u00e9\" rel=\"nofollow noopener\" target=\"_blank\">R\u00e9daction Vitr\u00e9<\/a><br \/>\n        <\/strong><\/p>\n<p>        Publi\u00e9 le<\/p>\n<p>            11 juil. 2025 \u00e0 17h13        <\/p>\n<p>En fin de journ\u00e9e, <b>mercredi 9\u00a0juillet <\/b>2025, un <b>accident<\/b> est survenu dans la commune de <b>Janz\u00e9 <\/b>(Ille-et-Vilaine).<\/p>\n<p class=\" wall-content\">Un v\u00e9hicule a percut\u00e9 un <b>transformateur \u00e9lectrique<\/b> au niveau du lieu-dit l\u2019Aum\u00f4ne sur la route vers Sainte-Colombe. Les sapeurs-pompiers sont intervenus sur place.<\/p>\n<p>32 riverains priv\u00e9s de courant<\/p>\n<p class=\" wall-content\">Il n\u2019y a <b>pas eu de bless\u00e9,<\/b> mais des d\u00e9g\u00e2ts ont \u00e9t\u00e9 signal\u00e9s sur le mur du transformateur.<\/p>\n<p>    <a href=\"https:\/\/maps.google.com\/maps?q=47.93822,-1.489589&amp;z=15&amp;output=embed\" title=\"Ouvrie le lien\" rel=\"nofollow noopener\" target=\"_blank\">Cliquez ici pour visualiser le contenu<\/a><\/p>\n<p class=\" wall-content\">L\u2019accident a provoqu\u00e9 une <b>coupure de courant<\/b> dans le secteur. <b>32 riverains<\/b>, dont des exploitants agricoles, ont \u00e9t\u00e9 impact\u00e9s.<\/p>\n<p>Vid\u00e9os : en ce moment sur Actu<\/p>\n<p class=\" wall-content\">Suivez toute l\u2019actualit\u00e9 de vos villes et m\u00e9dias favoris en vous inscrivant \u00e0 <a href=\"https:\/\/moncompte.actu.fr\" title=\"D\u00e9couvez Mon Actu\" rel=\"nofollow noopener\" data-trk=\"{&quot;cta&quot;:{&quot;action&quot;:&quot;https:\\\/\\\/moncompte.actu.fr&quot;,&quot;category&quot;:&quot;mon compte&quot;,&quot;from&quot;:&quot;article footer&quot;,&quot;name&quot;:&quot;Mon actu&quot;,&quot;type&quot;:&quot;cta&quot;}}\" target=\"_blank\">Mon Actu<\/a>.<\/p>\n","protected":false},"excerpt":{"rendered":"Par R\u00e9daction Vitr\u00e9 Publi\u00e9 le 11 juil. 2025 \u00e0 17h13 En fin de journ\u00e9e, mercredi 9\u00a0juillet 2025, un&hellip;\n","protected":false},"author":2,"featured_media":243599,"comment_status":"","ping_status":"","sticky":false,"template":"","format":"standard","meta":{"footnotes":""},"categories":[2821],"tags":[119,1111,11,829,1777,674,118,1011,27,12,584,25],"class_list":{"0":"post-243598","1":"post","2":"type-post","3":"status-publish","4":"format-standard","5":"has-post-thumbnail","7":"category-rennes","8":"tag-accident","9":"tag-actu","10":"tag-actualites","11":"tag-bretagne","12":"tag-eu","13":"tag-europe","14":"tag-faits-divers","15":"tag-fr","16":"tag-france","17":"tag-news","18":"tag-rennes","19":"tag-republique-francaise"},"share_on_mastodon":{"url":"https:\/\/pubeurope.com\/@fr\/114837152259503092","error":""},"_links":{"self":[{"href":"https:\/\/www.europesays.com\/fr\/wp-json\/wp\/v2\/posts\/243598","targetHints":{"allow":["GET"]}}],"collection":[{"href":"https:\/\/www.europesays.com\/fr\/wp-json\/wp\/v2\/posts"}],"about":[{"href":"https:\/\/www.europesays.com\/fr\/wp-json\/wp\/v2\/types\/post"}],"author":[{"embeddable":true,"href":"https:\/\/www.europesays.com\/fr\/wp-json\/wp\/v2\/users\/2"}],"replies":[{"embeddable":true,"href":"https:\/\/www.europesays.com\/fr\/wp-json\/wp\/v2\/comments?post=243598"}],"version-history":[{"count":0,"href":"https:\/\/www.europesays.com\/fr\/wp-json\/wp\/v2\/posts\/243598\/revisions"}],"wp:featuredmedia":[{"embeddable":true,"href":"https:\/\/www.europesays.com\/fr\/wp-json\/wp\/v2\/media\/243599"}],"wp:attachment":[{"href":"https:\/\/www.europesays.com\/fr\/wp-json\/wp\/v2\/media?parent=243598"}],"wp:term":[{"taxonomy":"category","embeddable":true,"href":"https:\/\/www.europesays.com\/fr\/wp-json\/wp\/v2\/categories?post=243598"},{"taxonomy":"post_tag","embeddable":true,"href":"https:\/\/www.europesays.com\/fr\/wp-json\/wp\/v2\/tags?post=243598"}],"curies":[{"name":"wp","href":"https:\/\/api.w.org\/{rel}","templated":true}]}}