{"id":243600,"date":"2025-07-11T23:17:11","date_gmt":"2025-07-11T23:17:11","guid":{"rendered":"https:\/\/www.europesays.com\/fr\/243600\/"},"modified":"2025-07-11T23:17:11","modified_gmt":"2025-07-11T23:17:11","slug":"previsions-du-samedi-12-juillet-2025-2","status":"publish","type":"post","link":"https:\/\/www.europesays.com\/fr\/243600\/","title":{"rendered":"pr\u00e9visions du samedi 12 juillet 2025"},"content":{"rendered":"<p>Le soleil sera au rendez-vous \u00e0 Strasbourg : une belle journ\u00e9e se profile ! Les valeurs seront comprises entre 14 et 29\u00b0C. Un petit vent de nord-est soufflera. Les temp\u00e9ratures vont enregistrer une augmentation de plusieurs degr\u00e9s dans l&rsquo;apr\u00e8s-midi. Les maximales iront jusqu&rsquo;\u00e0 29\u00b0C et les minimales seront de 27\u00b0C. On pr\u00e9voit une embellie pour cette soir\u00e9e. Entre samedi et dimanche, la nuit sera claire.<\/p>\n<p>La ville de Strasbourg aura quelques \u00e9claircies demain. C&rsquo;est une hausse de quelques degr\u00e9s que vont conna\u00eetre les temp\u00e9ratures. Les importantes chaleurs sont install\u00e9es. Avec des temp\u00e9ratures situ\u00e9es entre 16 et 31\u00b0C. Les valeurs afficheront entre 16 et 31\u00b0C. Une l\u00e9g\u00e8re brise de sud-ouest sera ressentie par les habitants. La p\u00e9riode de grosses chaleurs est bien l\u00e0, avec des temp\u00e9ratures qui risqueront d&rsquo;aller jusqu&rsquo;\u00e0 30\u00b0C le matin. Les valeurs vont enregistrer une augmentation de plusieurs degr\u00e9s lors de l&rsquo;apr\u00e8s-midi. Prenez garde \u00e0 la vague de chaleur. Des valeurs de 26 \u00e0 31\u00b0C sont annonc\u00e9es. Les temp\u00e9ratures s&rsquo;\u00e9chelonneront de 26 \u00e0 31\u00b0C. Des \u00e9claircies appara\u00eetront dans la soir\u00e9e. Les temp\u00e9ratures seront de 22\u00b0C.<\/p>\n<p>Le temps restera stable les jours \u00e0 venir. Il va faire un temps relativement ensoleill\u00e9 avec des temp\u00e9ratures avoisinant 31\u00b0C.<\/p>\n<p><\/p>\n","protected":false},"excerpt":{"rendered":"Le soleil sera au rendez-vous \u00e0 Strasbourg : une belle journ\u00e9e se profile ! Les valeurs seront comprises&hellip;\n","protected":false},"author":2,"featured_media":243601,"comment_status":"","ping_status":"","sticky":false,"template":"","format":"standard","meta":{"footnotes":""},"categories":[2820],"tags":[1111,11,2389,2649,1777,674,1011,27,775,12,2119,25,640],"class_list":{"0":"post-243600","1":"post","2":"type-post","3":"status-publish","4":"format-standard","5":"has-post-thumbnail","7":"category-strasbourg","8":"tag-actu","9":"tag-actualites","10":"tag-alsace","11":"tag-bas-rhin","12":"tag-eu","13":"tag-europe","14":"tag-fr","15":"tag-france","16":"tag-grand-est","17":"tag-news","18":"tag-previsions-meteo","19":"tag-republique-francaise","20":"tag-strasbourg"},"share_on_mastodon":{"url":"https:\/\/pubeurope.com\/@fr\/114837156323157028","error":""},"_links":{"self":[{"href":"https:\/\/www.europesays.com\/fr\/wp-json\/wp\/v2\/posts\/243600","targetHints":{"allow":["GET"]}}],"collection":[{"href":"https:\/\/www.europesays.com\/fr\/wp-json\/wp\/v2\/posts"}],"about":[{"href":"https:\/\/www.europesays.com\/fr\/wp-json\/wp\/v2\/types\/post"}],"author":[{"embeddable":true,"href":"https:\/\/www.europesays.com\/fr\/wp-json\/wp\/v2\/users\/2"}],"replies":[{"embeddable":true,"href":"https:\/\/www.europesays.com\/fr\/wp-json\/wp\/v2\/comments?post=243600"}],"version-history":[{"count":0,"href":"https:\/\/www.europesays.com\/fr\/wp-json\/wp\/v2\/posts\/243600\/revisions"}],"wp:featuredmedia":[{"embeddable":true,"href":"https:\/\/www.europesays.com\/fr\/wp-json\/wp\/v2\/media\/243601"}],"wp:attachment":[{"href":"https:\/\/www.europesays.com\/fr\/wp-json\/wp\/v2\/media?parent=243600"}],"wp:term":[{"taxonomy":"category","embeddable":true,"href":"https:\/\/www.europesays.com\/fr\/wp-json\/wp\/v2\/categories?post=243600"},{"taxonomy":"post_tag","embeddable":true,"href":"https:\/\/www.europesays.com\/fr\/wp-json\/wp\/v2\/tags?post=243600"}],"curies":[{"name":"wp","href":"https:\/\/api.w.org\/{rel}","templated":true}]}}